{"id":2154,"date":"2026-03-12T14:51:16","date_gmt":"2026-03-12T11:51:16","guid":{"rendered":"https:\/\/gundexia.com\/?p=2154"},"modified":"2026-03-12T14:51:19","modified_gmt":"2026-03-12T11:51:19","slug":"istanbulda-osimhen-zirvesi-dunya-devleri-liverpool-macinda-tribundeydi","status":"publish","type":"post","link":"https:\/\/gundexia.com\/?p=2154","title":{"rendered":"\u0130stanbul\u2019da Osimhen Zirvesi: D\u00fcnya Devleri Liverpool Ma\u00e7\u0131nda Trib\u00fcndeydi"},"content":{"rendered":"\n<h2 class=\"wp-block-heading\">Son dakika Galatasaray transfer haberleri: Galatasaray&#8217;\u0131n sezon ba\u015f\u0131nda bonservisini ald\u0131\u011f\u0131 Nijeryal\u0131 s\u00fcper y\u0131ld\u0131z Victor Osimhen, dev kul\u00fcplerin ilgisini \u00e7ekmeye devam ediyor. \u0130ki d\u00fcnya devinin 27 ya\u015f\u0131ndaki golc\u00fcy\u00fc Galatasaray-Liverpool ma\u00e7\u0131nda izlemek i\u00e7in \u0130stanbul&#8217;a geldi\u011fi \u00f6\u011frenildi. \u0130\u015fte detaylar&#8230; (GS spor haberi)<\/h2>\n\n\n\n<p>Galatasaray Haberleri&nbsp;&nbsp;Giri\u015f Tarihi: 12 Mart 2026 Per\u015fembe 10:53G\u00fcncelleme Tarihi: 12 Mart 2026 Per\u015fembe 13:04<\/p>\n\n\n\n<figure class=\"wp-block-image\"><a class=\"fancybox-effects\" href=\"https:\/\/iaftm.tmgrup.com.tr\/8bd832\/0\/0\/0\/0\/0\/0?u=https:\/\/iftm.tmgrup.com.tr\/album\/2026\/03\/12\/dunya-devlerinden-istanbula-osimhen-cikarmasi-liverpool-macinda-izlediler-1773301833615.jpeg&amp;mw=1200&amp;l=1\"><img decoding=\"async\" src=\"https:\/\/iaftm.tmgrup.com.tr\/e267cd\/0\/0\/0\/0\/0\/0?u=https:\/\/iftm.tmgrup.com.tr\/album\/2026\/03\/12\/dunya-devlerinden-istanbula-osimhen-cikarmasi-liverpool-macinda-izlediler-1773301833615.jpeg&amp;mw=752&amp;mh=700&amp;l=1\" alt=\"D\u00fcnya devlerinden \u0130stanbul'a Osimhen \u00e7\u0131karmas\u0131! Liverpool ma\u00e7\u0131nda izlediler\"\/><\/a><\/figure>\n\n\n\n<h2 class=\"wp-block-heading\">\u00dclkemizi \u015eampiyonlar Ligi&#8217;nde temsil eden Galatasaray, son 16 turu ilk ma\u00e7\u0131nda RAMS Park&#8217;ta Liverpool ile kar\u015f\u0131 kar\u015f\u0131ya geldi.<\/h2>\n\n\n\n<h2 class=\"wp-block-heading\"><\/h2>\n\n\n\n<figure class=\"wp-block-image\"><a class=\"fancybox-effects\" href=\"https:\/\/iaftm.tmgrup.com.tr\/8baf16\/0\/0\/0\/0\/0\/0?u=https:\/\/iftm.tmgrup.com.tr\/album\/2026\/03\/12\/dunya-devlerinden-istanbula-osimhen-cikarmasi-liverpool-macinda-izlediler-1773301836779.jpeg&amp;mw=1200&amp;l=1\"><img decoding=\"async\" src=\"https:\/\/iaftm.tmgrup.com.tr\/ffe99f\/0\/0\/0\/0\/0\/0?u=https:\/\/iftm.tmgrup.com.tr\/album\/2026\/03\/12\/dunya-devlerinden-istanbula-osimhen-cikarmasi-liverpool-macinda-izlediler-1773301836779.jpeg&amp;mw=752&amp;mh=700&amp;l=1\" alt=\"D\u00fcnya devlerinden \u0130stanbul'a Osimhen \u00e7\u0131karmas\u0131! Liverpool ma\u00e7\u0131nda izlediler\"\/><\/a><\/figure>\n\n\n\n<h2 class=\"wp-block-heading\">Sar\u0131-k\u0131rm\u0131z\u0131l\u0131lar, taraftar\u0131 \u00f6n\u00fcnde rakibini 1-0 ma\u011flup ederek \u00e7eyrek final avantaj\u0131n\u0131 kapt\u0131.<\/h2>\n\n\n\n<h2 class=\"wp-block-heading\"><\/h2>\n\n\n\n<p><video muted=\"muted\" preload=\"none\" poster=\"https:\/\/membrana-cdn.media\/video\/fmc\/custom-1275184-20260311-0.webp\" src=\"https:\/\/membrana-cdn.media\/video\/fmc\/custom-1275184-20260311-mobile.mp4?r=49583\"><\/video>Play Video<\/p>\n\n\n\n<p><\/p>\n\n\n\n<figure class=\"wp-block-image\"><a class=\"fancybox-effects\" href=\"https:\/\/iaftm.tmgrup.com.tr\/68af00\/0\/0\/0\/0\/0\/0?u=https:\/\/iftm.tmgrup.com.tr\/album\/2026\/03\/12\/dunya-devlerinden-istanbula-osimhen-cikarmasi-liverpool-macinda-izlediler-1773301840349.jpeg&amp;mw=1200&amp;l=1\"><img decoding=\"async\" src=\"https:\/\/iaftm.tmgrup.com.tr\/b5ee4b\/0\/0\/0\/0\/0\/0?u=https:\/\/iftm.tmgrup.com.tr\/album\/2026\/03\/12\/dunya-devlerinden-istanbula-osimhen-cikarmasi-liverpool-macinda-izlediler-1773301840349.jpeg&amp;mw=752&amp;mh=700&amp;l=1\" alt=\"D\u00fcnya devlerinden \u0130stanbul'a Osimhen \u00e7\u0131karmas\u0131! Liverpool ma\u00e7\u0131nda izlediler\"\/><\/a><\/figure>\n\n\n\n<h2 class=\"wp-block-heading\">Aslan&#8217;a galibiyeti getiren gol\u00fc 7. dakikada Mario Lemina kaydetti.<\/h2>\n\n\n\n<h2 class=\"wp-block-heading\"><\/h2>\n\n\n\n<figure class=\"wp-block-image\"><a class=\"fancybox-effects\" href=\"https:\/\/iaftm.tmgrup.com.tr\/1a97eb\/0\/0\/0\/0\/0\/0?u=https:\/\/iftm.tmgrup.com.tr\/album\/2026\/03\/12\/dunya-devlerinden-istanbula-osimhen-cikarmasi-liverpool-macinda-izlediler-1773301838118.jpeg&amp;mw=1200&amp;l=1\"><img decoding=\"async\" src=\"https:\/\/iaftm.tmgrup.com.tr\/1d333f\/0\/0\/0\/0\/0\/0?u=https:\/\/iftm.tmgrup.com.tr\/album\/2026\/03\/12\/dunya-devlerinden-istanbula-osimhen-cikarmasi-liverpool-macinda-izlediler-1773301838118.jpeg&amp;mw=752&amp;mh=700&amp;l=1\" alt=\"D\u00fcnya devlerinden \u0130stanbul'a Osimhen \u00e7\u0131karmas\u0131! Liverpool ma\u00e7\u0131nda izlediler\"\/><\/a><\/figure>\n\n\n\n<h2 class=\"wp-block-heading\">Galatasaray&#8217;da al\u0131nan tarihi zaferin mimarlar\u0131ndan biri de Victor Osimhen oldu.<\/h2>\n\n\n\n<h2 class=\"wp-block-heading\"><\/h2>\n\n\n\n<figure class=\"wp-block-image\"><a class=\"fancybox-effects\" href=\"https:\/\/iaftm.tmgrup.com.tr\/36dd4a\/0\/0\/0\/0\/0\/0?u=https:\/\/iftm.tmgrup.com.tr\/album\/2026\/03\/12\/dunya-devlerinden-istanbula-osimhen-cikarmasi-liverpool-macinda-izlediler-1773301844818.jpeg&amp;mw=1200&amp;l=1\"><img decoding=\"async\" src=\"https:\/\/iaftm.tmgrup.com.tr\/057ec0\/0\/0\/0\/0\/0\/0?u=https:\/\/iftm.tmgrup.com.tr\/album\/2026\/03\/12\/dunya-devlerinden-istanbula-osimhen-cikarmasi-liverpool-macinda-izlediler-1773301844818.jpeg&amp;mw=752&amp;mh=700&amp;l=1\" alt=\"D\u00fcnya devlerinden \u0130stanbul'a Osimhen \u00e7\u0131karmas\u0131! Liverpool ma\u00e7\u0131nda izlediler\"\/><\/a><\/figure>\n\n\n\n<h2 class=\"wp-block-heading\">Ma\u00e7 boyunca etkili bir performans sergileyen Nijeryal\u0131 y\u0131ld\u0131z, Lemina&#8217;n\u0131n att\u0131\u011f\u0131 gol\u00fcn asistini yapt\u0131.<\/h2>\n\n\n\n<h2 class=\"wp-block-heading\"><\/h2>\n\n\n\n<figure class=\"wp-block-image\"><a class=\"fancybox-effects\" href=\"https:\/\/iaftm.tmgrup.com.tr\/c6fffa\/0\/0\/0\/0\/0\/0?u=https:\/\/iftm.tmgrup.com.tr\/album\/2026\/03\/12\/dunya-devlerinden-istanbula-osimhen-cikarmasi-liverpool-macinda-izlediler-1773301845423.jpeg&amp;mw=1200&amp;l=1\"><img decoding=\"async\" src=\"https:\/\/iaftm.tmgrup.com.tr\/7fdd95\/0\/0\/0\/0\/0\/0?u=https:\/\/iftm.tmgrup.com.tr\/album\/2026\/03\/12\/dunya-devlerinden-istanbula-osimhen-cikarmasi-liverpool-macinda-izlediler-1773301845423.jpeg&amp;mw=752&amp;mh=700&amp;l=1\" alt=\"D\u00fcnya devlerinden \u0130stanbul'a Osimhen \u00e7\u0131karmas\u0131! Liverpool ma\u00e7\u0131nda izlediler\"\/><\/a><\/figure>\n\n\n\n<h2 class=\"wp-block-heading\">Ge\u00e7ti\u011fimiz sezondan bu yana terletti\u011fi sar\u0131-k\u0131rm\u0131z\u0131l\u0131 formayla ba\u015far\u0131l\u0131 bir performans s\u00fcrd\u00fcren Osimhen, sezon ba\u015f\u0131nda Avrupa devlerinin ve Suudi Arabistan&#8217;\u0131n ilgisine ra\u011fmen kariyerini Galatasaray&#8217;da s\u00fcrd\u00fcrmeyi tercih etmi\u015fti.<\/h2>\n\n\n\n<h2 class=\"wp-block-heading\"><\/h2>\n\n\n\n<figure class=\"wp-block-image\"><a class=\"fancybox-effects\" href=\"https:\/\/iaftm.tmgrup.com.tr\/cf5f92\/0\/0\/0\/0\/0\/0?u=https:\/\/iftm.tmgrup.com.tr\/album\/2026\/03\/12\/dunya-devlerinden-istanbula-osimhen-cikarmasi-liverpool-macinda-izlediler-1773301843861.jpeg&amp;mw=1200&amp;l=1\"><img decoding=\"async\" src=\"https:\/\/iaftm.tmgrup.com.tr\/7ae8b0\/0\/0\/0\/0\/0\/0?u=https:\/\/iftm.tmgrup.com.tr\/album\/2026\/03\/12\/dunya-devlerinden-istanbula-osimhen-cikarmasi-liverpool-macinda-izlediler-1773301843861.jpeg&amp;mw=752&amp;mh=700&amp;l=1\" alt=\"D\u00fcnya devlerinden \u0130stanbul'a Osimhen \u00e7\u0131karmas\u0131! Liverpool ma\u00e7\u0131nda izlediler\"\/><\/a><\/figure>\n\n\n\n<h2 class=\"wp-block-heading\">Her f\u0131rsatta sar\u0131-k\u0131rm\u0131z\u0131l\u0131 tak\u0131mda mutlu oldu\u011funu dile getiren Osimhen&#8217;e dev kul\u00fcplerin ilgili devam ediyor.<\/h2>\n\n\n\n<h2 class=\"wp-block-heading\"><\/h2>\n\n\n\n<figure class=\"wp-block-image\"><a class=\"fancybox-effects\" href=\"https:\/\/iaftm.tmgrup.com.tr\/296a9a\/0\/0\/0\/0\/0\/0?u=https:\/\/iftm.tmgrup.com.tr\/album\/2026\/03\/12\/dunya-devlerinden-istanbula-osimhen-cikarmasi-liverpool-macinda-izlediler-1773301849575.jpeg&amp;mw=1200&amp;l=1\"><img decoding=\"async\" src=\"https:\/\/iaftm.tmgrup.com.tr\/1b3bb0\/0\/0\/0\/0\/0\/0?u=https:\/\/iftm.tmgrup.com.tr\/album\/2026\/03\/12\/dunya-devlerinden-istanbula-osimhen-cikarmasi-liverpool-macinda-izlediler-1773301849575.jpeg&amp;mw=752&amp;mh=700&amp;l=1\" alt=\"D\u00fcnya devlerinden \u0130stanbul'a Osimhen \u00e7\u0131karmas\u0131! Liverpool ma\u00e7\u0131nda izlediler\"\/><\/a><\/figure>\n\n\n\n<h2 class=\"wp-block-heading\"><strong>REAL MADRID VE PSG YETK\u0130L\u0130LER\u0130 \u0130STANBUL&#8217;A GELD\u0130<\/strong><\/h2>\n\n\n\n<h2 class=\"wp-block-heading\">T\u00fcrkiye Gazetesi&#8217;nin haberine g\u00f6re; Real Madrid ve PSG temsilcileri, Victor Osimhen&#8217;i Galatasaray-Liverpool ma\u00e7\u0131nda trib\u00fcnden takip etti.<\/h2>\n\n\n\n<h2 class=\"wp-block-heading\"><\/h2>\n\n\n\n<figure class=\"wp-block-image\"><a class=\"fancybox-effects\" href=\"https:\/\/iaftm.tmgrup.com.tr\/479b45\/0\/0\/0\/0\/0\/0?u=https:\/\/iftm.tmgrup.com.tr\/album\/2026\/03\/12\/dunya-devlerinden-istanbula-osimhen-cikarmasi-liverpool-macinda-izlediler-1773301849489.jpeg&amp;mw=1200&amp;l=1\"><img decoding=\"async\" src=\"https:\/\/iaftm.tmgrup.com.tr\/bc3eab\/0\/0\/0\/0\/0\/0?u=https:\/\/iftm.tmgrup.com.tr\/album\/2026\/03\/12\/dunya-devlerinden-istanbula-osimhen-cikarmasi-liverpool-macinda-izlediler-1773301849489.jpeg&amp;mw=752&amp;mh=700&amp;l=1\" alt=\"D\u00fcnya devlerinden \u0130stanbul'a Osimhen \u00e7\u0131karmas\u0131! Liverpool ma\u00e7\u0131nda izlediler\"\/><\/a><\/figure>\n\n\n\n<h2 class=\"wp-block-heading\">\u0130ki tak\u0131m\u0131n da Nijeryal\u0131 s\u00fcper y\u0131ld\u0131z i\u00e7in sezon sonunda resmi teklif yapmas\u0131 bekleniyor.<\/h2>\n\n\n\n<h2 class=\"wp-block-heading\"><\/h2>\n\n\n\n<figure class=\"wp-block-image\"><a class=\"fancybox-effects\" href=\"https:\/\/iaftm.tmgrup.com.tr\/2cf9f9\/0\/0\/0\/0\/0\/0?u=https:\/\/iftm.tmgrup.com.tr\/album\/2026\/03\/12\/dunya-devlerinden-istanbula-osimhen-cikarmasi-liverpool-macinda-izlediler-1773301841711.jpeg&amp;mw=1200&amp;l=1\"><img decoding=\"async\" src=\"https:\/\/iaftm.tmgrup.com.tr\/85dc4f\/0\/0\/0\/0\/0\/0?u=https:\/\/iftm.tmgrup.com.tr\/album\/2026\/03\/12\/dunya-devlerinden-istanbula-osimhen-cikarmasi-liverpool-macinda-izlediler-1773301841711.jpeg&amp;mw=752&amp;mh=700&amp;l=1\" alt=\"D\u00fcnya devlerinden \u0130stanbul'a Osimhen \u00e7\u0131karmas\u0131! Liverpool ma\u00e7\u0131nda izlediler\"\/><\/a><\/figure>\n\n\n\n<h2 class=\"wp-block-heading\"><strong>EN AZ 150 M\u0130LYON EURO<\/strong><\/h2>\n\n\n\n<h2 class=\"wp-block-heading\">Galatasaray&#8217;\u0131n Osimhen&#8217;i satmay\u0131 d\u00fc\u015f\u00fcnmese de g\u00f6r\u00fc\u015fme i\u00e7in en az 150 milyon Euro isteyece\u011fi ve bu bedelin alt\u0131ndaki tekliflerin kesinlikle de\u011ferlendirilmeyece\u011fi \u00f6\u011frenildi.<\/h2>\n\n\n\n<figure class=\"wp-block-embed\"><div class=\"wp-block-embed__wrapper\">\nhttps:\/\/www.fotomac.com.tr\/galatasaray\/2026\/03\/12\/dunya-devlerinden-istanbula-osimhen-cikarmasi-liverpool-macinda-izlediler\n<\/div><\/figure>\n","protected":false},"excerpt":{"rendered":"<p>Son dakika Galatasaray transfer haberleri: Galatasaray&#8217;\u0131n sezon ba\u015f\u0131nda bonservisini ald\u0131\u011f\u0131 Nijeryal\u0131 s\u00fcper y\u0131ld\u0131z Victor Osimhen, dev kul\u00fcplerin ilgisini \u00e7ekmeye devam ediyor. \u0130ki d\u00fcnya devinin 27 ya\u015f\u0131ndaki golc\u00fcy\u00fc Galatasaray-Liverpool ma\u00e7\u0131nda izlemek i\u00e7in \u0130stanbul&#8217;a geldi\u011fi \u00f6\u011frenildi. \u0130\u015fte detaylar&#8230; (GS spor haberi) Galatasaray Haberleri&nbsp;&nbsp;Giri\u015f Tarihi: 12 Mart 2026 Per\u015fembe 10:53G\u00fcncelleme Tarihi: 12 Mart 2026 Per\u015fembe 13:04 \u00dclkemizi \u015eampiyonlar [&hellip;]<\/p>\n","protected":false},"author":4,"featured_media":2155,"comment_status":"open","ping_status":"open","sticky":false,"template":"","format":"standard","meta":{"_jetpack_memberships_contains_paid_content":false,"footnotes":""},"categories":[6],"tags":[],"class_list":["post-2154","post","type-post","status-publish","format-standard","has-post-thumbnail","hentry","category-spor"],"jetpack_featured_media_url":"https:\/\/gundexia.com\/wp-content\/uploads\/2026\/03\/IMG_1175.jpeg","jetpack_sharing_enabled":true,"_links":{"self":[{"href":"https:\/\/gundexia.com\/index.php?rest_route=\/wp\/v2\/posts\/2154","targetHints":{"allow":["GET"]}}],"collection":[{"href":"https:\/\/gundexia.com\/index.php?rest_route=\/wp\/v2\/posts"}],"about":[{"href":"https:\/\/gundexia.com\/index.php?rest_route=\/wp\/v2\/types\/post"}],"author":[{"embeddable":true,"href":"https:\/\/gundexia.com\/index.php?rest_route=\/wp\/v2\/users\/4"}],"replies":[{"embeddable":true,"href":"https:\/\/gundexia.com\/index.php?rest_route=%2Fwp%2Fv2%2Fcomments&post=2154"}],"version-history":[{"count":1,"href":"https:\/\/gundexia.com\/index.php?rest_route=\/wp\/v2\/posts\/2154\/revisions"}],"predecessor-version":[{"id":2156,"href":"https:\/\/gundexia.com\/index.php?rest_route=\/wp\/v2\/posts\/2154\/revisions\/2156"}],"wp:featuredmedia":[{"embeddable":true,"href":"https:\/\/gundexia.com\/index.php?rest_route=\/wp\/v2\/media\/2155"}],"wp:attachment":[{"href":"https:\/\/gundexia.com\/index.php?rest_route=%2Fwp%2Fv2%2Fmedia&parent=2154"}],"wp:term":[{"taxonomy":"category","embeddable":true,"href":"https:\/\/gundexia.com\/index.php?rest_route=%2Fwp%2Fv2%2Fcategories&post=2154"},{"taxonomy":"post_tag","embeddable":true,"href":"https:\/\/gundexia.com\/index.php?rest_route=%2Fwp%2Fv2%2Ftags&post=2154"}],"curies":[{"name":"wp","href":"https:\/\/api.w.org\/{rel}","templated":true}]}}