{"id":2127,"date":"2026-03-11T21:07:42","date_gmt":"2026-03-11T18:07:42","guid":{"rendered":"https:\/\/gundexia.com\/?p=2127"},"modified":"2026-03-11T21:07:47","modified_gmt":"2026-03-11T18:07:47","slug":"avrupa-sahnesinde-kritik-randevu-leverkusen-arsenal-takvimi","status":"publish","type":"post","link":"https:\/\/gundexia.com\/?p=2127","title":{"rendered":"Avrupa Sahnesinde Kritik Randevu: Leverkusen \u2013 Arsenal Takvimi"},"content":{"rendered":"\n<p>by&nbsp;<a href=\"https:\/\/objektif.site\/author\/rabiakunarci\/\">rabia kunarci<\/a>Mart 11, 2026<a href=\"https:\/\/objektif.site\/2026\/03\/11\/avrupa-sahnesinde-kritik-randevu-leverkusen-arsenal-takvimi\/#respond\">0<\/a>4<strong>PAYLA\u015e<\/strong><a href=\"https:\/\/objektif.site\/2026\/03\/11\/avrupa-sahnesinde-kritik-randevu-leverkusen-arsenal-takvimi\/#\">0<\/a><a target=\"_blank\" rel=\"noreferrer noopener\" href=\"https:\/\/www.facebook.com\/sharer\/sharer.php?u=https%3A%2F%2Fobjektif.site%2F2026%2F03%2F11%2Favrupa-sahnesinde-kritik-randevu-leverkusen-arsenal-takvimi%2F\"><\/a><a target=\"_blank\" rel=\"noreferrer noopener\" href=\"https:\/\/twitter.com\/intent\/tweet?text=Avrupa%20Sahnesinde%20Kritik%20Randevu:%20Leverkusen%20%E2%80%93%20Arsenal%20Takvimi%20-%20https:\/\/objektif.site\/2026\/03\/11\/avrupa-sahnesinde-kritik-randevu-leverkusen-arsenal-takvimi\/\"><\/a><a target=\"_blank\" rel=\"noreferrer noopener\" href=\"http:\/\/pinterest.com\/pin\/create\/button?url=https%3A%2F%2Fobjektif.site%2F2026%2F03%2F11%2Favrupa-sahnesinde-kritik-randevu-leverkusen-arsenal-takvimi%2F&amp;media=https%3A%2F%2Fobjektif.site%2Fwp-content%2Fuploads%2F2026%2F03%2Fkardes-1.webp&amp;description=Avrupa%20Sahnesinde%20Kritik%20Randevu%3A%20Leverkusen%20%E2%80%93%20Arsenal%20Takvimi\"><\/a><a target=\"_blank\" rel=\"noreferrer noopener\" href=\"https:\/\/www.linkedin.com\/shareArticle?mini=true&amp;url=https%3A%2F%2Fobjektif.site%2F2026%2F03%2F11%2Favrupa-sahnesinde-kritik-randevu-leverkusen-arsenal-takvimi%2F&amp;title=Avrupa%20Sahnesinde%20Kritik%20Randevu%3A%20Leverkusen%20%E2%80%93%20Arsenal%20Takvimi\"><\/a><a target=\"_blank\" rel=\"noreferrer noopener\" href=\"https:\/\/www.tumblr.com\/share\/link?url=https%3A%2F%2Fobjektif.site%2F2026%2F03%2F11%2Favrupa-sahnesinde-kritik-randevu-leverkusen-arsenal-takvimi%2F&amp;name=Avrupa%20Sahnesinde%20Kritik%20Randevu%3A%20Leverkusen%20%E2%80%93%20Arsenal%20Takvimi\"><\/a><a target=\"_blank\" rel=\"noreferrer noopener\" href=\"https:\/\/reddit.com\/submit?url=https%3A%2F%2Fobjektif.site%2F2026%2F03%2F11%2Favrupa-sahnesinde-kritik-randevu-leverkusen-arsenal-takvimi%2F&amp;title=Avrupa%20Sahnesinde%20Kritik%20Randevu%3A%20Leverkusen%20%E2%80%93%20Arsenal%20Takvimi\"><\/a><a target=\"_blank\" rel=\"noreferrer noopener\" href=\"https:\/\/telegram.me\/share\/url?url=https%3A%2F%2Fobjektif.site%2F2026%2F03%2F11%2Favrupa-sahnesinde-kritik-randevu-leverkusen-arsenal-takvimi%2F&amp;text=Avrupa%20Sahnesinde%20Kritik%20Randevu%3A%20Leverkusen%20%E2%80%93%20Arsenal%20Takvimi\"><\/a><a target=\"_blank\" rel=\"noreferrer noopener\" href=\"mailto:?subject=Avrupa%20Sahnesinde%20Kritik%20Randevu:%20Leverkusen%20%E2%80%93%20Arsenal%20Takvimi&amp;BODY=https:\/\/objektif.site\/2026\/03\/11\/avrupa-sahnesinde-kritik-randevu-leverkusen-arsenal-takvimi\/\"><\/a><\/p>\n\n\n\n<figure class=\"wp-block-image\"><img decoding=\"async\" src=\"https:\/\/objektif.site\/wp-content\/uploads\/2026\/03\/kardes-1-960x540.webp\" alt=\"\"\/><\/figure>\n\n\n\n<p>\u015eampiyonlar Ligi eliminasyon turu ilk faz\u0131, Leverkusen ev sahipli\u011finde ger\u00e7ekle\u015fecek olan y\u00fcksek yo\u011funluklu m\u00fcsabaka ile devam ediyor.<\/p>\n\n\n\n<p>Uluslararas\u0131 futbol takviminin en \u00f6nemli kalemlerinden biri olan Leverkusen \u2013 Arsenal randevusu i\u00e7in geri say\u0131m s\u00fcreci tamamlanmak \u00fczere. TS\u0130 20:45\u2019te ba\u015flayacak olan m\u00fcsabakan\u0131n yay\u0131n haklar\u0131 ve izleyici eri\u015fim protokolleri, turnuvan\u0131n standart operasyon prosed\u00fcrlerine uygun olarak y\u00fcr\u00fct\u00fclecek. Her iki tak\u0131m\u0131n da \u00e7eyrek final biletini cebine koyma hedefiyle sahaya koyaca\u011f\u0131 performans verileri, hem yerel liglerindeki motivasyonlar\u0131n\u0131 hem de k\u0131tasal \u00e7aptaki marka de\u011ferlerini do\u011frudan etkileyecek.<\/p>\n\n\n\n<p><strong>BAYER LEVERKUSEN \u2013 ARSENAL MA\u00c7I SAAT KA\u00c7TA?<\/strong><\/p>\n\n\n\n<p>BayArena Stad\u0131\u2019nda oynanacak m\u00fccadele TS\u0130 20:45\u2019te ba\u015flayacak.<\/p>\n\n\n\n<p><strong>BAYER LEVERKUSEN \u2013 ARSENAL MA\u00c7I HANG\u0130 KANALDA?<\/strong><\/p>\n\n\n\n<p>T\u00fcrk hakem Halil Umut Meler\u2019in y\u00f6netece\u011fi kar\u015f\u0131la\u015fma tabii platformundan naklen yay\u0131mlanacak.<\/p>\n\n\n\n<figure class=\"wp-block-embed is-type-wp-embed is-provider-objektif-haber wp-block-embed-objektif-haber\"><div class=\"wp-block-embed__wrapper\">\n<blockquote class=\"wp-embedded-content\" data-secret=\"fiMVYVAbzp\"><a href=\"https:\/\/objektif.site\/2026\/03\/11\/avrupa-sahnesinde-kritik-randevu-leverkusen-arsenal-takvimi\/\">Avrupa Sahnesinde Kritik Randevu: Leverkusen \u2013 Arsenal Takvimi<\/a><\/blockquote><iframe loading=\"lazy\" class=\"wp-embedded-content\" sandbox=\"allow-scripts\" security=\"restricted\" style=\"position: absolute; visibility: hidden;\" title=\"&#8220;Avrupa Sahnesinde Kritik Randevu: Leverkusen \u2013 Arsenal Takvimi&#8221; &#8212; Objektif Haber\" src=\"https:\/\/objektif.site\/2026\/03\/11\/avrupa-sahnesinde-kritik-randevu-leverkusen-arsenal-takvimi\/embed\/#?secret=OjXGLcEm3A#?secret=fiMVYVAbzp\" data-secret=\"fiMVYVAbzp\" width=\"600\" height=\"338\" frameborder=\"0\" marginwidth=\"0\" marginheight=\"0\" scrolling=\"no\"><\/iframe>\n<\/div><\/figure>\n","protected":false},"excerpt":{"rendered":"<p>by&nbsp;rabia kunarciMart 11, 202604PAYLA\u015e0 \u015eampiyonlar Ligi eliminasyon turu ilk faz\u0131, Leverkusen ev sahipli\u011finde ger\u00e7ekle\u015fecek olan y\u00fcksek yo\u011funluklu m\u00fcsabaka ile devam ediyor. Uluslararas\u0131 futbol takviminin en \u00f6nemli kalemlerinden biri olan Leverkusen \u2013 Arsenal randevusu i\u00e7in geri say\u0131m s\u00fcreci tamamlanmak \u00fczere. TS\u0130 20:45\u2019te ba\u015flayacak olan m\u00fcsabakan\u0131n yay\u0131n haklar\u0131 ve izleyici eri\u015fim protokolleri, turnuvan\u0131n standart operasyon prosed\u00fcrlerine uygun [&hellip;]<\/p>\n","protected":false},"author":4,"featured_media":2128,"comment_status":"open","ping_status":"open","sticky":false,"template":"","format":"standard","meta":{"_jetpack_memberships_contains_paid_content":false,"footnotes":""},"categories":[6],"tags":[],"class_list":["post-2127","post","type-post","status-publish","format-standard","has-post-thumbnail","hentry","category-spor"],"jetpack_featured_media_url":"https:\/\/gundexia.com\/wp-content\/uploads\/2026\/03\/IMG_1171.webp","jetpack_sharing_enabled":true,"_links":{"self":[{"href":"https:\/\/gundexia.com\/index.php?rest_route=\/wp\/v2\/posts\/2127","targetHints":{"allow":["GET"]}}],"collection":[{"href":"https:\/\/gundexia.com\/index.php?rest_route=\/wp\/v2\/posts"}],"about":[{"href":"https:\/\/gundexia.com\/index.php?rest_route=\/wp\/v2\/types\/post"}],"author":[{"embeddable":true,"href":"https:\/\/gundexia.com\/index.php?rest_route=\/wp\/v2\/users\/4"}],"replies":[{"embeddable":true,"href":"https:\/\/gundexia.com\/index.php?rest_route=%2Fwp%2Fv2%2Fcomments&post=2127"}],"version-history":[{"count":1,"href":"https:\/\/gundexia.com\/index.php?rest_route=\/wp\/v2\/posts\/2127\/revisions"}],"predecessor-version":[{"id":2129,"href":"https:\/\/gundexia.com\/index.php?rest_route=\/wp\/v2\/posts\/2127\/revisions\/2129"}],"wp:featuredmedia":[{"embeddable":true,"href":"https:\/\/gundexia.com\/index.php?rest_route=\/wp\/v2\/media\/2128"}],"wp:attachment":[{"href":"https:\/\/gundexia.com\/index.php?rest_route=%2Fwp%2Fv2%2Fmedia&parent=2127"}],"wp:term":[{"taxonomy":"category","embeddable":true,"href":"https:\/\/gundexia.com\/index.php?rest_route=%2Fwp%2Fv2%2Fcategories&post=2127"},{"taxonomy":"post_tag","embeddable":true,"href":"https:\/\/gundexia.com\/index.php?rest_route=%2Fwp%2Fv2%2Ftags&post=2127"}],"curies":[{"name":"wp","href":"https:\/\/api.w.org\/{rel}","templated":true}]}}