{"id":2083,"date":"2026-03-11T20:51:55","date_gmt":"2026-03-11T17:51:55","guid":{"rendered":"https:\/\/gundexia.com\/?p=2083"},"modified":"2026-03-11T20:51:57","modified_gmt":"2026-03-11T17:51:57","slug":"bakan-tekinden-universite-yasi-aciklamasi-yuksekogretim-daha-erkene-cekilebilir","status":"publish","type":"post","link":"https:\/\/gundexia.com\/?p=2083","title":{"rendered":"Bakan Tekin&#8217;den &#8216;\u00dcniversite Ya\u015f\u0131&#8217; A\u00e7\u0131klamas\u0131: &#8220;Y\u00fcksek\u00f6\u011fretim Daha Erkene \u00c7ekilebilir&#8221;"},"content":{"rendered":"\n<p>Milli E\u011fitim Bakan\u0131 Yusuf Tekin, \u00fcniversitelerde kay\u0131t ya\u015f\u0131n\u0131n 18&#8217;den 15&#8217;e d\u00fc\u015f\u00fcr\u00fclmesi tart\u0131\u015fmalar\u0131na ili\u015fkin &#8220;Biz 12 y\u0131ll\u0131k zorunlu e\u011fitimi tart\u0131\u015f\u0131rken art\u0131k \u00e7ocuklar\u0131m\u0131z\u0131n bilgiye eri\u015fiminin \u00e7ok kolay oldu\u011fu d\u00f6nemde, daha erken ya\u015flarda y\u00fcksek\u00f6\u011fretime devam edebilmesi laz\u0131m. Zorunlu e\u011fitimi biraz daha erken d\u00f6nemlere \u00e7ekilmesi ile ilgili tart\u0131\u015fma. Kamuoyundaki bu tart\u0131\u015fmalar\u0131 izliyoruz, bak\u0131yoruz, de\u011ferlendiriyoruz&#8221; dedi.<br>Milli E\u011fitim Bakan\u0131 Yusuf Tekin, AK Parti grup toplant\u0131s\u0131 \u00f6ncesinde gazetecilerin sorular\u0131n\u0131 yan\u0131tlad\u0131. &#8220;\u00dcniversitelere kay\u0131t ya\u015f\u0131n\u0131n 18&#8217;den 15&#8217;e d\u00fc\u015f\u00fcr\u00fclece\u011fi konu\u015fuluyor, neler s\u00f6yleyeceksiniz&#8221; sorusu \u00fczerine Bakan Tekin, &#8220;Biz 12 y\u0131ll\u0131k zorunlu e\u011fitimi tart\u0131\u015f\u0131rken art\u0131k \u00e7ocuklar\u0131m\u0131z\u0131n bilgiye eri\u015fiminin \u00e7ok kolay oldu\u011fu d\u00f6nemde, daha erken ya\u015flarda y\u00fcksek\u00f6\u011fretime devam edebilmesi laz\u0131m. Zorunlu e\u011fitimi biraz daha erken d\u00f6nemlere \u00e7ekilmesi ile ilgili tart\u0131\u015fma. Kamuoyundaki bu tart\u0131\u015fmalar\u0131 izliyoruz, bak\u0131yoruz, de\u011ferlendiriyoruz&#8221; yan\u0131t\u0131n\u0131 verdi.<br>&#8220;Rotasyonla ilgili bir \u00e7al\u0131\u015fma var m\u0131&#8221; sorusunu da yan\u0131tlayan Bakan Tekin, &#8220;O konulardaki \u00e7al\u0131\u015fmalar\u0131 gerekli ortamlarda s\u00f6yl\u00fcyoruz&#8221; dedi.<br>&#8220;Ara tatilin kald\u0131r\u0131lmas\u0131 ile ilgili bir \u00e7al\u0131\u015fma var m\u0131&#8221; sorusunu ise Tekin, &#8220;Sadece ara tatil \u00fczerinden okumay\u0131n. Att\u0131\u011f\u0131m\u0131z her ad\u0131m bakanl\u0131k i\u00e7erisinde her genel m\u00fcd\u00fcrl\u00fck b\u00fcnyesinde var olan \u0130zleme ve De\u011ferlendirme Daire Ba\u015fkanl\u0131klar\u0131 \u00fczerinden takip ediyoruz. Yani yap\u0131lan \u015fey arzu etti\u011fimiz sonu\u00e7lar\u0131 do\u011furup do\u011furmad\u0131\u011f\u0131n\u0131, pedagojik a\u00e7\u0131dan pozitif sonu\u00e7lar do\u011furup do\u011furmad\u0131\u011f\u0131n\u0131 de\u011ferlendiriyoruz. Her karar\u0131m\u0131z i\u00e7in ge\u00e7erli. Ara tatiller de bunun i\u00e7erisinde. Arkada\u015flar de\u011ferlendirmelerini yap\u0131yorlar. Yapt\u0131ktan sonra karar\u0131m\u0131z\u0131 payla\u015faca\u011f\u0131z. \u015eimdi g\u00fczel olan \u015fey \u015fu, seminer d\u00f6nemi yani ara d\u00f6nemde bu ara tatil d\u00f6neminde \u00f6\u011fretmen arkada\u015flar\u0131m\u0131z okula gelmeden online olarak yapacaklar. Onu kendilerine duyurdum zaten&#8221; diye yan\u0131tlad\u0131.<\/p>\n\n\n\n<p>Haber Kayna\u011f\u0131\u0131:<a href=\"https:\/\/ankahaber.net\/haber\/detay\/milli_egitim_bakani_tekin_cocuklarimizin_bilgiye_erisiminin_cok_kolay_oldugu_donemde_daha_erken_yaslarda_yuksekogretime_devam_edebilmesi_lazim_298037\">https:\/\/ankahaber.net\/haber\/detay\/milli_egitim_bakani_tekin_cocuklarimizin_bilgiye_erisiminin_cok_kolay_oldugu_donemde_daha_erken_yaslarda_yuksekogretime_devam_edebilmesi_lazim_298037<\/a><\/p>\n\n\n\n<p><\/p>\n","protected":false},"excerpt":{"rendered":"<p>Milli E\u011fitim Bakan\u0131 Yusuf Tekin, \u00fcniversitelerde kay\u0131t ya\u015f\u0131n\u0131n 18&#8217;den 15&#8217;e d\u00fc\u015f\u00fcr\u00fclmesi tart\u0131\u015fmalar\u0131na ili\u015fkin &#8220;Biz 12 y\u0131ll\u0131k zorunlu e\u011fitimi tart\u0131\u015f\u0131rken art\u0131k \u00e7ocuklar\u0131m\u0131z\u0131n bilgiye eri\u015fiminin \u00e7ok kolay oldu\u011fu d\u00f6nemde, daha erken ya\u015flarda y\u00fcksek\u00f6\u011fretime devam edebilmesi laz\u0131m. Zorunlu e\u011fitimi biraz daha erken d\u00f6nemlere \u00e7ekilmesi ile ilgili tart\u0131\u015fma. Kamuoyundaki bu tart\u0131\u015fmalar\u0131 izliyoruz, bak\u0131yoruz, de\u011ferlendiriyoruz&#8221; dedi.Milli E\u011fitim Bakan\u0131 Yusuf Tekin, [&hellip;]<\/p>\n","protected":false},"author":2,"featured_media":2087,"comment_status":"open","ping_status":"open","sticky":false,"template":"","format":"standard","meta":{"_jetpack_memberships_contains_paid_content":false,"footnotes":""},"categories":[10],"tags":[],"class_list":["post-2083","post","type-post","status-publish","format-standard","has-post-thumbnail","hentry","category-egitim"],"jetpack_featured_media_url":"https:\/\/gundexia.com\/wp-content\/uploads\/2026\/03\/indir-10.jpg","jetpack_sharing_enabled":true,"_links":{"self":[{"href":"https:\/\/gundexia.com\/index.php?rest_route=\/wp\/v2\/posts\/2083","targetHints":{"allow":["GET"]}}],"collection":[{"href":"https:\/\/gundexia.com\/index.php?rest_route=\/wp\/v2\/posts"}],"about":[{"href":"https:\/\/gundexia.com\/index.php?rest_route=\/wp\/v2\/types\/post"}],"author":[{"embeddable":true,"href":"https:\/\/gundexia.com\/index.php?rest_route=\/wp\/v2\/users\/2"}],"replies":[{"embeddable":true,"href":"https:\/\/gundexia.com\/index.php?rest_route=%2Fwp%2Fv2%2Fcomments&post=2083"}],"version-history":[{"count":1,"href":"https:\/\/gundexia.com\/index.php?rest_route=\/wp\/v2\/posts\/2083\/revisions"}],"predecessor-version":[{"id":2090,"href":"https:\/\/gundexia.com\/index.php?rest_route=\/wp\/v2\/posts\/2083\/revisions\/2090"}],"wp:featuredmedia":[{"embeddable":true,"href":"https:\/\/gundexia.com\/index.php?rest_route=\/wp\/v2\/media\/2087"}],"wp:attachment":[{"href":"https:\/\/gundexia.com\/index.php?rest_route=%2Fwp%2Fv2%2Fmedia&parent=2083"}],"wp:term":[{"taxonomy":"category","embeddable":true,"href":"https:\/\/gundexia.com\/index.php?rest_route=%2Fwp%2Fv2%2Fcategories&post=2083"},{"taxonomy":"post_tag","embeddable":true,"href":"https:\/\/gundexia.com\/index.php?rest_route=%2Fwp%2Fv2%2Ftags&post=2083"}],"curies":[{"name":"wp","href":"https:\/\/api.w.org\/{rel}","templated":true}]}}