{"id":2067,"date":"2026-03-11T17:28:02","date_gmt":"2026-03-11T14:28:02","guid":{"rendered":"https:\/\/gundexia.com\/?p=2067"},"modified":"2026-03-11T17:28:06","modified_gmt":"2026-03-11T14:28:06","slug":"dunya-yeni-bir-krizle-karsi-karsiya-mi-rus-temsilciden-carpici-aciklama","status":"publish","type":"post","link":"https:\/\/gundexia.com\/?p=2067","title":{"rendered":"D\u00fcnya yeni bir krizle kar\u015f\u0131 kar\u015f\u0131ya m\u0131? Rus temsilciden \u00e7arp\u0131c\u0131 a\u00e7\u0131klama"},"content":{"rendered":"\n<p>Rusya Devlet Ba\u015fkan\u0131 Vladimir Putin\u2019in uluslararas\u0131 ekonomik i\u015fbirli\u011finden sorumlu \u00f6zel temsilcisi Kiril Dmitriyev, Orta Do\u011fu\u2019da artan gerilimin k\u00fcresel ekonomi \u00fczerindeki etkilerine ili\u015fkin dikkat \u00e7eken a\u00e7\u0131klamalarda bulundu. Ayn\u0131 zamanda Rusya Do\u011frudan Yat\u0131r\u0131m Fonu\u2019nun ba\u015fkanl\u0131\u011f\u0131n\u0131 da y\u00fcr\u00fcten Dmitriyev, sosyal medya hesab\u0131ndan yapt\u0131\u011f\u0131 payla\u015f\u0131mda, b\u00f6lgedeki geli\u015fmelerin d\u00fcnya genelinde yeni bir kriz dalgas\u0131n\u0131 tetikleyebilece\u011fini ifade etti.Dmitriyev, \u00f6zellikle g\u00fcbre tedarik zincirinde ya\u015fanan aksamalara dikkat \u00e7ekerek, k\u00fcresel \u00f6l\u00e7ekte bir g\u00fcbre krizinin ortaya \u00e7\u0131kmaya ba\u015flad\u0131\u011f\u0131n\u0131 belirtti. Bir hafta \u00f6nce bu y\u00f6nde \u00f6ng\u00f6r\u00fcde bulundu\u011funu hat\u0131rlatan Rus yetkili, g\u00fcbre piyasas\u0131nda ya\u015fanan sorunlar\u0131n k\u0131sa s\u00fcrede g\u0131da \u00fcretimini de etkileyece\u011fini savundu. Dmitriyev payla\u015f\u0131m\u0131nda, \u201cBir hafta \u00f6nce tahmin edildi\u011fi gibi \u015fimdi g\u00fcbre krizi ortaya \u00e7\u0131k\u0131yor. Bunun ard\u0131ndan g\u0131da g\u00fcvenli\u011fi krizi ya\u015fanacak.\u201d ifadelerini kulland\u0131.K\u00fcresel g\u00fcbre ticaretinde kritik bir ge\u00e7i\u015f noktas\u0131 olan H\u00fcrm\u00fcz Bo\u011faz\u0131\u2019ndaki geli\u015fmelere de de\u011finen Dmitriyev, b\u00f6lgede ya\u015fanan askeri gerilimlerin lojistik ve ticaret ak\u0131\u015f\u0131n\u0131 olumsuz etkiledi\u011fini belirtti. ABD ve \u0130srail\u2019in \u0130ran\u2019a y\u00f6nelik ba\u015flatt\u0131\u011f\u0131 sald\u0131r\u0131lar ile Tahran y\u00f6netiminin buna verdi\u011fi kar\u015f\u0131l\u0131klar\u0131n ard\u0131ndan bo\u011fazdaki gemi trafi\u011finin ciddi \u015fekilde yava\u015flad\u0131\u011f\u0131 ifade ediliyor.\u00d6te yandan Dmitriyev, Avrupa\u2019n\u0131n enerji alan\u0131nda da ciddi bir krizle kar\u015f\u0131 kar\u015f\u0131ya kalabilece\u011fini ileri s\u00fcrd\u00fc. Rus yetkili, Avrupa Birli\u011fi\u2019nin enerji politikalar\u0131n\u0131 ele\u015ftirerek, yakla\u015fan enerji krizinin Ursula von der Leyen liderli\u011findeki Avrupa Komisyonu\u2019nun stratejik hatalar\u0131ndan kaynakland\u0131\u011f\u0131n\u0131 savundu.Uzmanlar ise Orta Do\u011fu\u2019daki gerilimin s\u00fcrmesi halinde enerji, g\u00fcbre ve g\u0131da tedarik zincirlerinin k\u00fcresel \u00f6l\u00e7ekte daha fazla etkilenebilece\u011fi uyar\u0131s\u0131nda bulunuyor. Bu durumun \u00f6zellikle ithalata ba\u011f\u0131ml\u0131 \u00fclkelerde fiyat art\u0131\u015flar\u0131n\u0131 ve g\u0131da g\u00fcvenli\u011fi endi\u015felerini art\u0131rabilece\u011fi de\u011ferlendiriliyor.<\/p>\n\n\n\n<p>Karde\u015f haber: https:\/\/www.xn--newsnt-s9a.com\/2026\/03\/11\/dunya-yeni-bir-krizle-karsi-karsiya-mi-rus-temsilciden-carpici-aciklama\/<\/p>\n","protected":false},"excerpt":{"rendered":"<p>Rusya Devlet Ba\u015fkan\u0131 Vladimir Putin\u2019in uluslararas\u0131 ekonomik i\u015fbirli\u011finden sorumlu \u00f6zel temsilcisi Kiril Dmitriyev, Orta Do\u011fu\u2019da artan gerilimin k\u00fcresel ekonomi \u00fczerindeki etkilerine ili\u015fkin dikkat \u00e7eken a\u00e7\u0131klamalarda bulundu. Ayn\u0131 zamanda Rusya Do\u011frudan Yat\u0131r\u0131m Fonu\u2019nun ba\u015fkanl\u0131\u011f\u0131n\u0131 da y\u00fcr\u00fcten Dmitriyev, sosyal medya hesab\u0131ndan yapt\u0131\u011f\u0131 payla\u015f\u0131mda, b\u00f6lgedeki geli\u015fmelerin d\u00fcnya genelinde yeni bir kriz dalgas\u0131n\u0131 tetikleyebilece\u011fini ifade etti.Dmitriyev, \u00f6zellikle g\u00fcbre tedarik [&hellip;]<\/p>\n","protected":false},"author":1,"featured_media":2068,"comment_status":"open","ping_status":"open","sticky":false,"template":"","format":"standard","meta":{"_jetpack_memberships_contains_paid_content":false,"footnotes":""},"categories":[8],"tags":[],"class_list":["post-2067","post","type-post","status-publish","format-standard","has-post-thumbnail","hentry","category-dunya"],"jetpack_featured_media_url":"https:\/\/gundexia.com\/wp-content\/uploads\/2026\/03\/1000105356.webp","jetpack_sharing_enabled":true,"_links":{"self":[{"href":"https:\/\/gundexia.com\/index.php?rest_route=\/wp\/v2\/posts\/2067","targetHints":{"allow":["GET"]}}],"collection":[{"href":"https:\/\/gundexia.com\/index.php?rest_route=\/wp\/v2\/posts"}],"about":[{"href":"https:\/\/gundexia.com\/index.php?rest_route=\/wp\/v2\/types\/post"}],"author":[{"embeddable":true,"href":"https:\/\/gundexia.com\/index.php?rest_route=\/wp\/v2\/users\/1"}],"replies":[{"embeddable":true,"href":"https:\/\/gundexia.com\/index.php?rest_route=%2Fwp%2Fv2%2Fcomments&post=2067"}],"version-history":[{"count":1,"href":"https:\/\/gundexia.com\/index.php?rest_route=\/wp\/v2\/posts\/2067\/revisions"}],"predecessor-version":[{"id":2069,"href":"https:\/\/gundexia.com\/index.php?rest_route=\/wp\/v2\/posts\/2067\/revisions\/2069"}],"wp:featuredmedia":[{"embeddable":true,"href":"https:\/\/gundexia.com\/index.php?rest_route=\/wp\/v2\/media\/2068"}],"wp:attachment":[{"href":"https:\/\/gundexia.com\/index.php?rest_route=%2Fwp%2Fv2%2Fmedia&parent=2067"}],"wp:term":[{"taxonomy":"category","embeddable":true,"href":"https:\/\/gundexia.com\/index.php?rest_route=%2Fwp%2Fv2%2Fcategories&post=2067"},{"taxonomy":"post_tag","embeddable":true,"href":"https:\/\/gundexia.com\/index.php?rest_route=%2Fwp%2Fv2%2Ftags&post=2067"}],"curies":[{"name":"wp","href":"https:\/\/api.w.org\/{rel}","templated":true}]}}