{"id":1991,"date":"2026-03-10T21:10:16","date_gmt":"2026-03-10T18:10:16","guid":{"rendered":"https:\/\/gundexia.com\/?p=1991"},"modified":"2026-03-11T01:20:32","modified_gmt":"2026-03-10T22:20:32","slug":"34-yillik-gizem-bir-yudum-suya-bir-gulumsemeye-hasret","status":"publish","type":"post","link":"https:\/\/gundexia.com\/?p=1991","title":{"rendered":"34 Y\u0131ll\u0131k Gizem: Bir Yudum Suya, Bir G\u00fcl\u00fcmsemeye Hasret!"},"content":{"rendered":"\n<p>Ankara&#8217;da 34 y\u0131ld\u0131r su i\u00e7emeyen 79 ya\u015f\u0131ndaki adam, &#8220;B\u00fct\u00fcn Ankara&#8217;da ne kadar hastane varsa, ne kadar yer varsa her yere gittim. 1992 y\u0131l\u0131ndan bu zamana kadar suya ve g\u00fclmeye hasret kald\u0131m&#8221; dedi.<\/p>\n\n\n\n<p>Ankara&#8217;da ya\u015fayan 79 ya\u015f\u0131ndaki Mustafa Akb\u0131y\u0131k, 34 y\u0131ld\u0131r su i\u00e7emedi\u011fini s\u00f6yledi. \u0130ddiaya g\u00f6re, 1992 y\u0131l\u0131nda sobal\u0131 evlerinde e\u015fiyle birlikte k\u00f6m\u00fcrden zehirlendikten sonra sudan tiksinen Akb\u0131y\u0131k, sadece \u00e7ay ve gazoz i\u00e7ebiliyor. Akb\u0131y\u0131k, bu probleminin bir an \u00f6nce \u00e7\u00f6z\u00fclmesini istedi\u011fini ve suya hasret kald\u0131\u011f\u0131n\u0131 belirterek doktorlardan yard\u0131m istiyor.<\/p>\n\n\n\n<p>Akb\u0131y\u0131k, &#8220;Kirada otururken k\u00f6m\u00fcrden zehirlendik. Evde bir koku vard\u0131 o kokunun i\u00e7erisinde ben yatt\u0131m. Sabah oldu kalkamad\u0131k, kom\u015fu geldi. Kom\u015fu, &#8216;bunlar niye hala yat\u0131yor, daha \u00f6nce hi\u00e7 bu saate kadar yatmazlar&#8217; dedi. Pencereyi a\u00e7t\u0131\u011f\u0131nda i\u00e7eriden d\u0131\u015far\u0131 pis bir duman \u00e7\u0131km\u0131\u015f. Hemen zehirlendiler diye polisi aram\u0131\u015f&#8221; diye konu\u015ftu.<\/p>\n\n\n\n<p>&#8220;KOMADAN \u00c7IKTIKTAN SONRA SU \u0130\u00c7EMED\u0130M&#8221;<\/p>\n\n\n\n<p>Hastanede 2 g\u00fcn komada kald\u0131\u011f\u0131n\u0131 anlatan Akb\u0131y\u0131k, &#8220;Komadan \u00e7\u0131kt\u0131ktan sonra su i\u00e7emedim. Eve geldi\u011fimde hala koku vard\u0131. Ondan sonra su i\u00e7mekte \u00e7ok zorland\u0131m. Bir yudum i\u00e7iyorum ama tiksiniyorum. Kendimi kaybediyorum. \u0130la\u00e7 i\u00e7ece\u011fim zaman \u00e7ocuklar elimi aya\u011f\u0131m\u0131 tutuyorlar&#8221; ifadelerini kulland\u0131.<\/p>\n\n\n\n<p>&#8220;SUYA HASRET KALDIM, G\u00dcLMEYE HASRET KALDIM&#8221;<\/p>\n\n\n\n<p>Pek \u00e7ok hastaneye ba\u015fvurdu\u011funu, ama sorunun \u00e7\u00f6z\u00fcme kavu\u015famad\u0131\u011f\u0131n\u0131 dile getiren Akb\u0131y\u0131k, &#8220;B\u00fct\u00fcn Ankara&#8217;da ne kadar hastane varsa, ne kadar yer varsa her yere gittim. 1992 y\u0131l\u0131ndan bu zamana kadar suya hasret kald\u0131m ve g\u00fclmeye hasret kald\u0131m&#8221; dedi.<\/p>\n\n\n\n<p>&#8220;BEN DE MUTLU OLMAK \u0130ST\u0130YORUM&#8221;<\/p>\n\n\n\n<p>Akb\u0131y\u0131k, art\u0131k \u00e7ay d\u0131\u015f\u0131nda da bir \u015feyler i\u00e7mek istedi\u011fini belirterek &#8220;Kola olsun, meyve suyu olsun onlar\u0131 asla i\u00e7emiyorum. Sadece gazoz ve g\u00fcnde 15 bardak \u00e7ay i\u00e7iyorum. Ben de art\u0131k ya\u015famak istiyorum. \u015eu iki g\u00fcnl\u00fck d\u00fcnyada ben de mutlu olmak istiyorum. Su i\u00e7eyim, kola i\u00e7eyim, meyve suyumu i\u00e7eyim&#8221; \u015feklinde konu\u015ftu.<\/p>\n\n\n\n<p>Haber Kayna\u011f\u0131: <a href=\"https:\/\/www.haberturk.com\/suya-hasret-34-yildir-sadece-cay-ve-gazoz-iciyor-haberler-3868540\">https:\/\/www.haberturk.com\/suya-hasret-34-yildir-sadece-cay-ve-gazoz-iciyor-haberler-3868540<\/a><\/p>\n","protected":false},"excerpt":{"rendered":"<p>Ankara&#8217;da 34 y\u0131ld\u0131r su i\u00e7emeyen 79 ya\u015f\u0131ndaki adam, &#8220;B\u00fct\u00fcn Ankara&#8217;da ne kadar hastane varsa, ne kadar yer varsa her yere gittim. 1992 y\u0131l\u0131ndan bu zamana kadar suya ve g\u00fclmeye hasret kald\u0131m&#8221; dedi. Ankara&#8217;da ya\u015fayan 79 ya\u015f\u0131ndaki Mustafa Akb\u0131y\u0131k, 34 y\u0131ld\u0131r su i\u00e7emedi\u011fini s\u00f6yledi. \u0130ddiaya g\u00f6re, 1992 y\u0131l\u0131nda sobal\u0131 evlerinde e\u015fiyle birlikte k\u00f6m\u00fcrden zehirlendikten sonra sudan [&hellip;]<\/p>\n","protected":false},"author":2,"featured_media":2026,"comment_status":"open","ping_status":"open","sticky":false,"template":"","format":"standard","meta":{"_jetpack_memberships_contains_paid_content":false,"footnotes":""},"categories":[3],"tags":[],"class_list":["post-1991","post","type-post","status-publish","format-standard","has-post-thumbnail","hentry","category-saglik"],"jetpack_featured_media_url":"https:\/\/gundexia.com\/wp-content\/uploads\/2026\/03\/960x540-23-1.jpg","jetpack_sharing_enabled":true,"_links":{"self":[{"href":"https:\/\/gundexia.com\/index.php?rest_route=\/wp\/v2\/posts\/1991","targetHints":{"allow":["GET"]}}],"collection":[{"href":"https:\/\/gundexia.com\/index.php?rest_route=\/wp\/v2\/posts"}],"about":[{"href":"https:\/\/gundexia.com\/index.php?rest_route=\/wp\/v2\/types\/post"}],"author":[{"embeddable":true,"href":"https:\/\/gundexia.com\/index.php?rest_route=\/wp\/v2\/users\/2"}],"replies":[{"embeddable":true,"href":"https:\/\/gundexia.com\/index.php?rest_route=%2Fwp%2Fv2%2Fcomments&post=1991"}],"version-history":[{"count":2,"href":"https:\/\/gundexia.com\/index.php?rest_route=\/wp\/v2\/posts\/1991\/revisions"}],"predecessor-version":[{"id":2027,"href":"https:\/\/gundexia.com\/index.php?rest_route=\/wp\/v2\/posts\/1991\/revisions\/2027"}],"wp:featuredmedia":[{"embeddable":true,"href":"https:\/\/gundexia.com\/index.php?rest_route=\/wp\/v2\/media\/2026"}],"wp:attachment":[{"href":"https:\/\/gundexia.com\/index.php?rest_route=%2Fwp%2Fv2%2Fmedia&parent=1991"}],"wp:term":[{"taxonomy":"category","embeddable":true,"href":"https:\/\/gundexia.com\/index.php?rest_route=%2Fwp%2Fv2%2Fcategories&post=1991"},{"taxonomy":"post_tag","embeddable":true,"href":"https:\/\/gundexia.com\/index.php?rest_route=%2Fwp%2Fv2%2Ftags&post=1991"}],"curies":[{"name":"wp","href":"https:\/\/api.w.org\/{rel}","templated":true}]}}