{"id":1982,"date":"2026-03-10T21:04:40","date_gmt":"2026-03-10T18:04:40","guid":{"rendered":"https:\/\/gundexia.com\/?p=1982"},"modified":"2026-03-10T21:04:43","modified_gmt":"2026-03-10T18:04:43","slug":"siyah-beyazlilarda-veda-sinyali","status":"publish","type":"post","link":"https:\/\/gundexia.com\/?p=1982","title":{"rendered":"Siyah-Beyazl\u0131larda Veda Sinyali"},"content":{"rendered":"\n<p>by&nbsp;<a href=\"https:\/\/objektif.site\/author\/rabiakunarci\/\">rabia kunarci<\/a>Mart 10, 2026<a href=\"https:\/\/objektif.site\/2026\/03\/10\/siyah-beyazlilarda-veda-sesleri-menajeri-istanbula-indi-ayrilik-masada\/#respond\">0<\/a>1<strong>PAYLA\u015e<\/strong><a href=\"https:\/\/objektif.site\/2026\/03\/10\/siyah-beyazlilarda-veda-sesleri-menajeri-istanbula-indi-ayrilik-masada\/#\">0<\/a><a target=\"_blank\" rel=\"noreferrer noopener\" href=\"https:\/\/www.facebook.com\/sharer\/sharer.php?u=https%3A%2F%2Fobjektif.site%2F2026%2F03%2F10%2Fsiyah-beyazlilarda-veda-sesleri-menajeri-istanbula-indi-ayrilik-masada%2F\"><\/a><a target=\"_blank\" rel=\"noreferrer noopener\" href=\"https:\/\/twitter.com\/intent\/tweet?text=Siyah-Beyazl%C4%B1larda%20Veda%20Sesleri:%20Menajeri%20%C4%B0stanbul-a%20%C4%B0ndi,%20Ayr%C4%B1l%C4%B1k%20Masada%20-%20https:\/\/objektif.site\/2026\/03\/10\/siyah-beyazlilarda-veda-sesleri-menajeri-istanbula-indi-ayrilik-masada\/\"><\/a><a target=\"_blank\" rel=\"noreferrer noopener\" href=\"http:\/\/pinterest.com\/pin\/create\/button?url=https%3A%2F%2Fobjektif.site%2F2026%2F03%2F10%2Fsiyah-beyazlilarda-veda-sesleri-menajeri-istanbula-indi-ayrilik-masada%2F&amp;media=https%3A%2F%2Fobjektif.site%2Fwp-content%2Fuploads%2F2026%2F03%2Fbesiktas-2.webp&amp;description=Siyah-Beyazl%C4%B1larda%20Veda%20Sesleri%3A%20Menajeri%20%C4%B0stanbul-a%20%C4%B0ndi%2C%20Ayr%C4%B1l%C4%B1k%20Masada\"><\/a><a target=\"_blank\" rel=\"noreferrer noopener\" href=\"https:\/\/www.linkedin.com\/shareArticle?mini=true&amp;url=https%3A%2F%2Fobjektif.site%2F2026%2F03%2F10%2Fsiyah-beyazlilarda-veda-sesleri-menajeri-istanbula-indi-ayrilik-masada%2F&amp;title=Siyah-Beyazl%C4%B1larda%20Veda%20Sesleri%3A%20Menajeri%20%C4%B0stanbul-a%20%C4%B0ndi%2C%20Ayr%C4%B1l%C4%B1k%20Masada\"><\/a><a target=\"_blank\" rel=\"noreferrer noopener\" href=\"https:\/\/www.tumblr.com\/share\/link?url=https%3A%2F%2Fobjektif.site%2F2026%2F03%2F10%2Fsiyah-beyazlilarda-veda-sesleri-menajeri-istanbula-indi-ayrilik-masada%2F&amp;name=Siyah-Beyazl%C4%B1larda%20Veda%20Sesleri%3A%20Menajeri%20%C4%B0stanbul-a%20%C4%B0ndi%2C%20Ayr%C4%B1l%C4%B1k%20Masada\"><\/a><a target=\"_blank\" rel=\"noreferrer noopener\" href=\"https:\/\/reddit.com\/submit?url=https%3A%2F%2Fobjektif.site%2F2026%2F03%2F10%2Fsiyah-beyazlilarda-veda-sesleri-menajeri-istanbula-indi-ayrilik-masada%2F&amp;title=Siyah-Beyazl%C4%B1larda%20Veda%20Sesleri%3A%20Menajeri%20%C4%B0stanbul-a%20%C4%B0ndi%2C%20Ayr%C4%B1l%C4%B1k%20Masada\"><\/a><a target=\"_blank\" rel=\"noreferrer noopener\" href=\"https:\/\/telegram.me\/share\/url?url=https%3A%2F%2Fobjektif.site%2F2026%2F03%2F10%2Fsiyah-beyazlilarda-veda-sesleri-menajeri-istanbula-indi-ayrilik-masada%2F&amp;text=Siyah-Beyazl%C4%B1larda%20Veda%20Sesleri%3A%20Menajeri%20%C4%B0stanbul-a%20%C4%B0ndi%2C%20Ayr%C4%B1l%C4%B1k%20Masada\"><\/a><a target=\"_blank\" rel=\"noreferrer noopener\" href=\"mailto:?subject=Siyah-Beyazl%C4%B1larda%20Veda%20Sesleri:%20Menajeri%20%C4%B0stanbul-a%20%C4%B0ndi,%20Ayr%C4%B1l%C4%B1k%20Masada&amp;BODY=https:\/\/objektif.site\/2026\/03\/10\/siyah-beyazlilarda-veda-sesleri-menajeri-istanbula-indi-ayrilik-masada\/\"><\/a><\/p>\n\n\n\n<figure class=\"wp-block-image\"><img decoding=\"async\" src=\"https:\/\/objektif.site\/wp-content\/uploads\/2026\/03\/besiktas-2.webp\" alt=\"\"\/><\/figure>\n\n\n\n<p>Be\u015fikta\u015f\u2019ta b\u00fcy\u00fck umutlarla kadroya kat\u0131lan ancak yeterli s\u00fcre bulamayan gen\u00e7 sa\u011f bek Taylan Bulut i\u00e7in yol ayr\u0131m\u0131 g\u00f6r\u00fcnd\u00fc. Gen\u00e7 oyuncunun menajeri, Taylan\u2019\u0131n gelece\u011fini planlamak ve ayr\u0131l\u0131k \u015fartlar\u0131n\u0131 g\u00f6r\u00fc\u015fmek \u00fczere \u0130stanbul\u2019a gelerek siyah-beyazl\u0131 y\u00f6netimle bir araya geldi.<\/p>\n\n\n\n<p>Teknik ekibin rotasyonunda \u015fans bulmakta zorlanan Taylan i\u00e7in masada iki se\u00e7enek bulunuyor: Oyuncunun d\u00fczenli forma giyebilece\u011fi bir kul\u00fcbe kiralanmas\u0131 veya bonservisiyle sat\u0131lmas\u0131. Y\u00f6netimin, gen\u00e7 yetene\u011fin geli\u015fimi i\u00e7in \u00f6n\u00fcm\u00fczdeki g\u00fcnlerde kesin karar\u0131n\u0131 vermesi bekleniyor.<\/p>\n\n\n\n<p>Be\u015fikta\u015f\u2019ta teknik heyetin rotasyonunda yer bulmakta zorlanan Taylan Bulut\u2019un gelece\u011fi netlik kazan\u0131yor. Gen\u00e7 sa\u011f bekin menajeri, siyah-beyazl\u0131 y\u00f6netimle kritik bir zirve ger\u00e7ekle\u015ftirmek \u00fczere \u0130stanbul\u2019a ula\u015ft\u0131.<\/p>\n\n\n\n<p>Yap\u0131lacak g\u00f6r\u00fc\u015fmelerde Taylan\u2019\u0131n yetersiz s\u00fcre almas\u0131 ve kul\u00fcb\u00fcn gelecek projeksiyonundaki konumu detayl\u0131ca ele al\u0131nacak. G\u00f6r\u00fc\u015fmenin ard\u0131ndan gen\u00e7 oyuncunun geli\u015fimi i\u00e7in ba\u015fka bir tak\u0131ma kiralanmas\u0131 ya da kal\u0131c\u0131 bir ayr\u0131l\u0131k ihtimali \u00fczerinde duruluyor.<\/p>\n\n\n\n<p><strong>Bonservisiyle Tak\u0131mdan Ayr\u0131lmay\u0131 D\u00fc\u015f\u00fcn\u00fcyor<\/strong><\/p>\n\n\n\n<p>Siyah-beyazl\u0131 y\u00f6netim, oyuncunun kariyer yol haritas\u0131n\u0131 netle\u015ftirmek i\u00e7in \u00f6n\u00fcm\u00fczdeki d\u00f6nemde \u00f6nemli kararlar alacak. \u00d6te yandan, 20 ya\u015f\u0131ndaki futbolcunun, ayr\u0131l\u0131k ihtimali g\u00fcndeme geldi\u011finde bonservisiyle birlikte tak\u0131mdan ayr\u0131lmay\u0131 d\u00fc\u015f\u00fcnd\u00fc\u011f\u00fc ve bu y\u00f6nde ad\u0131m atmaya haz\u0131r oldu\u011fu ifade ediliyor. Y\u00f6netim ve oyuncu aras\u0131ndaki g\u00f6r\u00fc\u015fmelerin, \u00f6n\u00fcm\u00fczdeki g\u00fcnlerde bu s\u00fcrecin \u015fekillenmesinde belirleyici olmas\u0131 bekleniyor.<\/p>\n\n\n\n<figure class=\"wp-block-image\"><img decoding=\"async\" src=\"https:\/\/image.hurimg.com\/i\/hurriyet\/90\/770x0\/69afab67717271c959b2dcd0.jpg\" alt=\"Be\u015fikta\u015fta ayr\u0131l\u0131k kap\u0131da Menajeri \u0130stanbula geldi\"\/><\/figure>\n\n\n\n<p><strong>6 Milyon Euro \u00d6denmi\u015fti<\/strong><\/p>\n\n\n\n<p>Sezon ba\u015f\u0131nda 6 milyon euro bonservis bedeli kar\u015f\u0131l\u0131\u011f\u0131nda Schalke 04\u2019ten transfer edilen Taylan Bulut, siyah-beyazl\u0131 tak\u0131mda beklenen performans\u0131 g\u00f6steremedi. Gen\u00e7 futbolcu, sezon boyunca sadece 9 ma\u00e7ta forma \u015fans\u0131 bulabildi ve toplamda sahada 536 dakika kald\u0131. Bu s\u00fcre zarf\u0131nda yaln\u0131zca 1 asist \u00fcreten Taylan, tak\u0131m\u0131n h\u00fccum g\u00fcc\u00fcne katk\u0131 sa\u011flamakta s\u0131n\u0131rl\u0131 kald\u0131. Taraftarlar ve y\u00f6netim, gen\u00e7 oyuncunun beklentilerin alt\u0131nda kalan performans\u0131n\u0131 g\u00f6z \u00f6n\u00fcnde bulunduruyor ve gelecekteki rol\u00fcyle ilgili kararlar\u0131n \u00f6n\u00fcm\u00fczdeki g\u00fcnlerde netle\u015fmesi bekleniyor.<\/p>\n\n\n\n<p>20 ya\u015f\u0131ndaki gen\u00e7 sa\u011f bek, Be\u015fikta\u015f ile Haziran 2030\u2019a kadar ge\u00e7erli bir s\u00f6zle\u015fmeye sahip. Bu durum, oyuncunun gelecekteki transfer ve kariyer planlamas\u0131nda kul\u00fcp ile birlikte hareket etme f\u0131rsat\u0131n\u0131 garanti alt\u0131na al\u0131yor.<\/p>\n\n\n\n<p><a href=\"https:\/\/objektif.site\/2026\/03\/10\/siyah-beyazlilarda-veda-sesleri-menajeri-istanbula-indi-ayrilik-masada\">https:\/\/objektif.site\/2026\/03\/10\/siyah-beyazlilarda-veda-sesleri-menajeri-istanbula-indi-ayrilik-masada<\/a><\/p>\n","protected":false},"excerpt":{"rendered":"<p>by&nbsp;rabia kunarciMart 10, 202601PAYLA\u015e0 Be\u015fikta\u015f\u2019ta b\u00fcy\u00fck umutlarla kadroya kat\u0131lan ancak yeterli s\u00fcre bulamayan gen\u00e7 sa\u011f bek Taylan Bulut i\u00e7in yol ayr\u0131m\u0131 g\u00f6r\u00fcnd\u00fc. Gen\u00e7 oyuncunun menajeri, Taylan\u2019\u0131n gelece\u011fini planlamak ve ayr\u0131l\u0131k \u015fartlar\u0131n\u0131 g\u00f6r\u00fc\u015fmek \u00fczere \u0130stanbul\u2019a gelerek siyah-beyazl\u0131 y\u00f6netimle bir araya geldi. Teknik ekibin rotasyonunda \u015fans bulmakta zorlanan Taylan i\u00e7in masada iki se\u00e7enek bulunuyor: Oyuncunun d\u00fczenli forma [&hellip;]<\/p>\n","protected":false},"author":4,"featured_media":1984,"comment_status":"open","ping_status":"open","sticky":false,"template":"","format":"standard","meta":{"_jetpack_memberships_contains_paid_content":false,"footnotes":""},"categories":[6],"tags":[],"class_list":["post-1982","post","type-post","status-publish","format-standard","has-post-thumbnail","hentry","category-spor"],"jetpack_featured_media_url":"https:\/\/gundexia.com\/wp-content\/uploads\/2026\/03\/IMG_1163.webp","jetpack_sharing_enabled":true,"_links":{"self":[{"href":"https:\/\/gundexia.com\/index.php?rest_route=\/wp\/v2\/posts\/1982","targetHints":{"allow":["GET"]}}],"collection":[{"href":"https:\/\/gundexia.com\/index.php?rest_route=\/wp\/v2\/posts"}],"about":[{"href":"https:\/\/gundexia.com\/index.php?rest_route=\/wp\/v2\/types\/post"}],"author":[{"embeddable":true,"href":"https:\/\/gundexia.com\/index.php?rest_route=\/wp\/v2\/users\/4"}],"replies":[{"embeddable":true,"href":"https:\/\/gundexia.com\/index.php?rest_route=%2Fwp%2Fv2%2Fcomments&post=1982"}],"version-history":[{"count":1,"href":"https:\/\/gundexia.com\/index.php?rest_route=\/wp\/v2\/posts\/1982\/revisions"}],"predecessor-version":[{"id":1985,"href":"https:\/\/gundexia.com\/index.php?rest_route=\/wp\/v2\/posts\/1982\/revisions\/1985"}],"wp:featuredmedia":[{"embeddable":true,"href":"https:\/\/gundexia.com\/index.php?rest_route=\/wp\/v2\/media\/1984"}],"wp:attachment":[{"href":"https:\/\/gundexia.com\/index.php?rest_route=%2Fwp%2Fv2%2Fmedia&parent=1982"}],"wp:term":[{"taxonomy":"category","embeddable":true,"href":"https:\/\/gundexia.com\/index.php?rest_route=%2Fwp%2Fv2%2Fcategories&post=1982"},{"taxonomy":"post_tag","embeddable":true,"href":"https:\/\/gundexia.com\/index.php?rest_route=%2Fwp%2Fv2%2Ftags&post=1982"}],"curies":[{"name":"wp","href":"https:\/\/api.w.org\/{rel}","templated":true}]}}