{"id":1814,"date":"2026-03-09T17:20:44","date_gmt":"2026-03-09T14:20:44","guid":{"rendered":"https:\/\/gundexia.com\/?p=1814"},"modified":"2026-03-09T17:20:47","modified_gmt":"2026-03-09T14:20:47","slug":"fenerbahce-yonetimi-harekete-gecti-cok-agir-bir-yaptirim-olacak","status":"publish","type":"post","link":"https:\/\/gundexia.com\/?p=1814","title":{"rendered":"Fenerbah\u00e7e y\u00f6netimi harekete ge\u00e7ti: \u00c7ok a\u011f\u0131r bir yapt\u0131r\u0131m olacak"},"content":{"rendered":"\n<figure class=\"wp-block-image\"><img decoding=\"async\" src=\"https:\/\/www.yenisafak.com\/default-photo.svg\" alt=\"\"\/><\/figure>\n\n\n\n<p>Haber Merkezi<\/p>\n\n\n\n<p>11:579\/03\/2026, Pazartesi<\/p>\n\n\n\n<p>G:&nbsp;9\/03\/2026, Pazartesi<\/p>\n\n\n\n<p>Yeni \u015eafak<\/p>\n\n\n\n<p>2<\/p>\n\n\n\n<p>SONRAK\u0130 HABER<\/p>\n\n\n\n<figure class=\"wp-block-image\"><img decoding=\"async\" src=\"https:\/\/img.piri.net\/piri\/upload\/3\/2026\/3\/9\/e50b2b24-21tm1h0arsrm3prjnmt1fm.webp\" alt=\"\"\/><\/figure>\n\n\n\n<p>Fenerbah\u00e7e, S\u00fcper Lig\u2019in 25\u2019inci haftas\u0131nda sahas\u0131nda a\u011f\u0131rlad\u0131\u011f\u0131 Samsunspor\u2019u iki kez geriye d\u00fc\u015ft\u00fc\u011f\u00fc ma\u00e7ta 3-2 ma\u011flup etti. Kar\u015f\u0131la\u015fma sonras\u0131nda Fenerbah\u00e7e y\u00f6netimi harekete ge\u00e7ti.<\/p>\n\n\n\n<p><strong>1<\/strong><strong>\/7<\/strong><\/p>\n\n\n\n<p><img decoding=\"async\" src=\"https:\/\/img.piri.net\/mnresize\/720\/-\/piri\/upload\/3\/2026\/3\/9\/7f7226e9-aba9fpzu3s5ds6iz9de02e.webp\"><\/p>\n\n\n\n<p>Trendyol S\u00fcper Lig\u2019in 25. haftas\u0131nda Fenerbah\u00e7e, sahas\u0131nda Samsunspor ile kar\u015f\u0131la\u015f\u0131rken m\u00fccadeleden 3-2 galip ayr\u0131ld\u0131.<\/p>\n\n\n\n<p><strong>2<\/strong><strong>\/7<\/strong><\/p>\n\n\n\n<p><img decoding=\"async\" src=\"https:\/\/img.piri.net\/mnresize\/720\/-\/piri\/upload\/3\/2026\/3\/9\/657b61d4-hc6z0yybmaalabc.webp\"><\/p>\n\n\n\n<p>Kar\u015f\u0131la\u015fma sonras\u0131nda hem galibiyet i\u00e7in hem de Oosterwolde\u2019nin sar\u0131 lacivertli formayla \u00e7\u0131kt\u0131\u011f\u0131 100. ma\u00e7 nedeniyle bir foto\u011fraf \u00e7ekildi.<\/p>\n\n\n\n<p><strong>3<\/strong><strong>\/7<\/strong><\/p>\n\n\n\n<p><img decoding=\"async\" src=\"https:\/\/img.piri.net\/mnresize\/720\/-\/piri\/upload\/3\/2026\/3\/9\/27c0f14f-iha_20260308aw657694_18-1.webp\"><\/p>\n\n\n\n<p>Mert M\u00fcld\u00fcr ma\u00e7tan sonra yapt\u0131\u011f\u0131 a\u00e7\u0131klamada \u015fu ifadeleri kullanm\u0131\u015ft\u0131:<\/p>\n\n\n\n<p><strong>5<\/strong><strong>\/7<\/strong><\/p>\n\n\n\n<p><img decoding=\"async\" src=\"https:\/\/img.piri.net\/mnresize\/720\/-\/piri\/upload\/3\/2026\/3\/9\/04bc8a6b-iha_20260308aw657694_03.webp\"><\/p>\n\n\n\n<p>Fenerbah\u00e7e y\u00f6netiminin, Samsunspor ma\u00e7\u0131nda Mert M\u00fcld\u00fcr\u2019\u00fcn ni\u015fanl\u0131s\u0131na trib\u00fcnden edilen k\u00fcf\u00fcrlerle ilgili inceleme ba\u015flatt\u0131\u011f\u0131 \u00f6\u011frenildi.<\/p>\n\n\n\n<p><strong>6<\/strong><strong>\/7<\/strong><\/p>\n\n\n\n<p><img decoding=\"async\" src=\"https:\/\/img.piri.net\/mnresize\/720\/-\/piri\/upload\/3\/2026\/3\/9\/44cf92ed-mert-muldurden-aciklama-nisanlimin-hedef-alinmasi-beni-cok-uzdu.webp\"><\/p>\n\n\n\n<p>HT Spor\u2019da yer alan habere g\u00f6re; ilk yar\u0131n\u0131n son b\u00f6l\u00fcm\u00fcnde k\u00fcf\u00fcrlere dayanamad\u0131\u011f\u0131n\u0131 s\u00f6yleyen Mert M\u00fcld\u00fcr\u2019\u00fcn ni\u015fanl\u0131s\u0131 y\u00f6netim locas\u0131na al\u0131nd\u0131 ve ma\u00e7\u0131 orada izledi.<\/p>\n\n\n\n<p><strong>7<\/strong><strong>\/7<\/strong><\/p>\n\n\n\n<p><img decoding=\"async\" src=\"https:\/\/img.piri.net\/mnresize\/720\/-\/piri\/upload\/3\/2026\/3\/9\/4fa4a279-iha_20260308aw657694_05.webp\"><\/p>\n\n\n\n<p>Kamera kay\u0131tlar\u0131n\u0131n incelenmeye ba\u015fland\u0131\u011f\u0131; tespit yap\u0131lmas\u0131 halinde ilgili taraftarlar\u0131n kombinelerinin iptal edilece\u011fi veya kendilerine bilet sat\u0131lmayaca\u011f\u0131 \u00f6\u011frenildi.<\/p>\n\n\n\n<p><a href=\"https:\/\/www.yenisafak.com\/foto-galeri\/spor\/fenerbahce-yonetimi-harekete-gecti-cok-agir-bir-yaptirim-olacak-4804340\/7\">https:\/\/www.yenisafak.com\/foto-galeri\/spor\/fenerbahce-yonetimi-harekete-gecti-cok-agir-bir-yaptirim-olacak-4804340\/7<\/a><\/p>\n\n\n\n<p><\/p>\n","protected":false},"excerpt":{"rendered":"<p>Haber Merkezi 11:579\/03\/2026, Pazartesi G:&nbsp;9\/03\/2026, Pazartesi Yeni \u015eafak 2 SONRAK\u0130 HABER Fenerbah\u00e7e, S\u00fcper Lig\u2019in 25\u2019inci haftas\u0131nda sahas\u0131nda a\u011f\u0131rlad\u0131\u011f\u0131 Samsunspor\u2019u iki kez geriye d\u00fc\u015ft\u00fc\u011f\u00fc ma\u00e7ta 3-2 ma\u011flup etti. Kar\u015f\u0131la\u015fma sonras\u0131nda Fenerbah\u00e7e y\u00f6netimi harekete ge\u00e7ti. 1\/7 Trendyol S\u00fcper Lig\u2019in 25. haftas\u0131nda Fenerbah\u00e7e, sahas\u0131nda Samsunspor ile kar\u015f\u0131la\u015f\u0131rken m\u00fccadeleden 3-2 galip ayr\u0131ld\u0131. 2\/7 Kar\u015f\u0131la\u015fma sonras\u0131nda hem galibiyet i\u00e7in hem [&hellip;]<\/p>\n","protected":false},"author":4,"featured_media":1816,"comment_status":"open","ping_status":"open","sticky":false,"template":"","format":"standard","meta":{"_jetpack_memberships_contains_paid_content":false,"footnotes":""},"categories":[6],"tags":[],"class_list":["post-1814","post","type-post","status-publish","format-standard","has-post-thumbnail","hentry","category-spor"],"jetpack_featured_media_url":"https:\/\/gundexia.com\/wp-content\/uploads\/2026\/03\/IMG_1151.webp","jetpack_sharing_enabled":true,"_links":{"self":[{"href":"https:\/\/gundexia.com\/index.php?rest_route=\/wp\/v2\/posts\/1814","targetHints":{"allow":["GET"]}}],"collection":[{"href":"https:\/\/gundexia.com\/index.php?rest_route=\/wp\/v2\/posts"}],"about":[{"href":"https:\/\/gundexia.com\/index.php?rest_route=\/wp\/v2\/types\/post"}],"author":[{"embeddable":true,"href":"https:\/\/gundexia.com\/index.php?rest_route=\/wp\/v2\/users\/4"}],"replies":[{"embeddable":true,"href":"https:\/\/gundexia.com\/index.php?rest_route=%2Fwp%2Fv2%2Fcomments&post=1814"}],"version-history":[{"count":1,"href":"https:\/\/gundexia.com\/index.php?rest_route=\/wp\/v2\/posts\/1814\/revisions"}],"predecessor-version":[{"id":1817,"href":"https:\/\/gundexia.com\/index.php?rest_route=\/wp\/v2\/posts\/1814\/revisions\/1817"}],"wp:featuredmedia":[{"embeddable":true,"href":"https:\/\/gundexia.com\/index.php?rest_route=\/wp\/v2\/media\/1816"}],"wp:attachment":[{"href":"https:\/\/gundexia.com\/index.php?rest_route=%2Fwp%2Fv2%2Fmedia&parent=1814"}],"wp:term":[{"taxonomy":"category","embeddable":true,"href":"https:\/\/gundexia.com\/index.php?rest_route=%2Fwp%2Fv2%2Fcategories&post=1814"},{"taxonomy":"post_tag","embeddable":true,"href":"https:\/\/gundexia.com\/index.php?rest_route=%2Fwp%2Fv2%2Ftags&post=1814"}],"curies":[{"name":"wp","href":"https:\/\/api.w.org\/{rel}","templated":true}]}}