{"id":1808,"date":"2026-03-09T17:12:47","date_gmt":"2026-03-09T14:12:47","guid":{"rendered":"https:\/\/gundexia.com\/?p=1808"},"modified":"2026-03-09T17:12:50","modified_gmt":"2026-03-09T14:12:50","slug":"osimhenin-en-zor-sinavi-liverpool-karsisinda-mayin-tarlasinda-yuruyecek","status":"publish","type":"post","link":"https:\/\/gundexia.com\/?p=1808","title":{"rendered":"Osimhen&#8217;in en zor s\u0131nav\u0131: Liverpool kar\u015f\u0131s\u0131nda &#8220;may\u0131n tarlas\u0131nda&#8221; y\u00fcr\u00fcyecek!"},"content":{"rendered":"\n<p><\/p>\n\n\n\n<p><strong>T\u00fcrkiye Gazetesi<\/strong>\u2022\u0130stanbul&nbsp;<\/p>\n\n\n\n<p>Son G\u00fcncelleme: 09 Mart, 2026 &#8211; 11:53<a href=\"https:\/\/api.whatsapp.com\/send?text=https:\/\/www.turkiyegazetesi.com.tr\/spor\/osimhenin-en-zor-sinavi-liverpool-karsisinda-mayin-tarlasinda-yuruyecek-1775908\" target=\"_blank\" rel=\"noreferrer noopener\"><\/a><\/p>\n\n\n\n<h2 class=\"wp-block-heading\">Galatasaray, UEFA \u015eampiyonlar Ligi son 16 turu ilk ma\u00e7\u0131nda yar\u0131n sahas\u0131nda Liverpool&#8217;u a\u011f\u0131rl\u0131yor. Dev randevu \u00f6ncesi sar\u0131-k\u0131rm\u0131z\u0131l\u0131larda en kritik g\u00fcndem maddesi, Victor Osimhen dahil tam 7 ismin sar\u0131 kart s\u0131n\u0131r\u0131nda olmas\u0131. Kart s\u0131n\u0131r\u0131nda bulunan Osimhen, sar\u0131 kart g\u00f6rmesi halinde \u0130ngiltere\u2019deki kritik r\u00f6van\u015fta tak\u0131m\u0131n\u0131 yaln\u0131z b\u0131rakacak. Teknik direkt\u00f6r Okan Buruk&#8217;un da s\u0131n\u0131rda oldu\u011fu e\u015fle\u015fmede, temsilcimiz tam kadro sahaya \u00e7\u0131karak r\u00f6van\u015f \u00f6ncesi avantaj arayacak.<\/h2>\n\n\n\n<p>Kaydet<\/p>\n\n\n\n<p><a>a-<\/a>|&nbsp;<a>+A<\/a><\/p>\n\n\n\n<p>UEFA \u015eampiyonlar Ligi son 16 turu ilk ma\u00e7\u0131nda Galatasaray, yar\u0131n ak\u015fam saat 20.45\u2019te \u0130ngiliz devi Liverpool ile kar\u015f\u0131 kar\u015f\u0131ya geliyor. RAMS Park\u2019ta oynanacak bu dev m\u00fccadeleyi \u0130spanyol hakem Jesus Gil Manzano y\u00f6netecek. T\u00fcm T\u00fcrkiye\u2019nin kilitlendi\u011fi m\u00fcsabaka, TRT 1 ve Tabii platformu \u00fczerinden naklen futbolseverlerle bulu\u015facak.<\/p>\n\n\n\n<h3 class=\"wp-block-heading\">OSIMHEN&#8217;\u0130N OMZUNDA \u00c7\u0130FTE SORUMLULUK<\/h3>\n\n\n\n<p>Sar\u0131-k\u0131rm\u0131z\u0131l\u0131 ekibin en b\u00fcy\u00fck kozu Victor Osimhen i\u00e7in bu ma\u00e7\u0131n anlam\u0131 \u00e7ok daha b\u00fcy\u00fck. Lig etab\u0131nda Liverpool filelerini sarsarak galibiyeti getiren&nbsp;<strong>Nijeryal\u0131 y\u0131ld\u0131z, yar\u0131n sadece gol atmak i\u00e7in de\u011fil, kart g\u00f6rmemek i\u00e7in de b\u00fcy\u00fck bir m\u00fccadele verecek.<\/strong>&nbsp;<strong>Kart s\u0131n\u0131r\u0131nda bulunan Osimhen, sar\u0131 kart g\u00f6rmesi halinde \u0130ngiltere\u2019deki kritik r\u00f6van\u015fta tak\u0131m\u0131n\u0131 yaln\u0131z b\u0131rakacak.<\/strong><\/p>\n\n\n\n<figure class=\"wp-block-image\"><img decoding=\"async\" src=\"https:\/\/i.turkiyegazetesi.com.tr\/images\/2026\/3\/9\/osimhenin-en-zor-sinavi-liverpool-karsisinda-mayin-tarlasinda-yuruyecek-1775908_202603091109_20260309110927_1.jpg\" alt=\"Victor Osimhen\"\/><figcaption class=\"wp-element-caption\"><img decoding=\"async\" src=\"https:\/\/s.turkiyegazetesi.com.tr\/s\/i\/icon-detail-image.svg\" alt=\"Ba\u015fl\u0131k Resmi\">Victor Osimhen<\/figcaption><\/figure>\n\n\n\n<h3 class=\"wp-block-heading\">7 \u0130S\u0130M CEZA SINIRINDA: SARI ALARM<\/h3>\n\n\n\n<p>NTV Spor&#8217;da yer verilen habere g\u00f6re Galatasaray\u2019da kart s\u0131n\u0131r\u0131ndaki isimlerin \u00e7oklu\u011fu teknik heyeti d\u00fc\u015f\u00fcnd\u00fcr\u00fcyor.<strong>&nbsp;Osimhen\u2019in yan\u0131 s\u0131ra kalede U\u011furcan \u00c7ak\u0131r, savunmada Jakobs, Davinson Sanchez ve Abd\u00fclkerim Bardakc\u0131, h\u00fccum hatt\u0131nda ise Sallai ve Noa Lang kart g\u00f6rmeleri durumunda cezal\u0131 duruma d\u00fc\u015fecek.&nbsp;<\/strong>Bu isimlerin tamam\u0131n\u0131n tak\u0131m\u0131n iskeletini olu\u015fturmas\u0131, saha i\u00e7indeki disiplini her zamankinden daha \u00f6nemli k\u0131l\u0131yor.<\/p>\n\n\n\n<p>\u00d6NER\u0130LEN HABERLER<\/p>\n\n\n\n<p><a href=\"https:\/\/www.turkiyegazetesi.com.tr\/spor\/galatasarayin-liverpool-macinin-hakemi-belli-oldu-1775719\"><\/a><\/p>\n\n\n\n<figure class=\"wp-block-image\"><a class=\"article-recommended__item\" href=\"https:\/\/www.turkiyegazetesi.com.tr\/spor\/galatasarayin-liverpool-macinin-hakemi-belli-oldu-1775719\"><img decoding=\"async\" src=\"https:\/\/i.turkiyegazetesi.com.tr\/images\/2026\/3\/8\/galatasarayin-liverpool-macinin-hakemi-belli-oldu-1775719_20260308124121.jpg\" alt=\"Galatasaray\"\/><\/a><\/figure>\n\n\n\n<p><a href=\"https:\/\/www.turkiyegazetesi.com.tr\/spor\/galatasarayin-liverpool-macinin-hakemi-belli-oldu-1775719\">SPOR<\/a><\/p>\n\n\n\n<h3 class=\"wp-block-heading\"><a href=\"https:\/\/www.turkiyegazetesi.com.tr\/spor\/galatasarayin-liverpool-macinin-hakemi-belli-oldu-1775719\">Galatasaray&#8217;\u0131n Liverpool ma\u00e7\u0131n\u0131n hakemi belli oldu<\/a><\/h3>\n\n\n\n<h4 class=\"wp-block-heading\">OKAN BURUK DA SINIRDA YER ALIYOR<\/h4>\n\n\n\n<p>Sadece futbolcular de\u011fil, Galatasaray\u2019\u0131n ba\u015far\u0131s\u0131ndaki ba\u015f mimar teknik direkt\u00f6r Okan Buruk da sar\u0131 kart ceza s\u0131n\u0131r\u0131nda bulunuyor. \u015eayet<strong>&nbsp;Buruk yar\u0131nki m\u00fccadelede hakemden kart g\u00f6r\u00fcrse, 18 Mart\u2019taki Anfield deplasman\u0131nda kul\u00fcbede yer alamayacak.<\/strong>&nbsp;Bu durum, hem saha i\u00e7inde hem de teknik alanda maksimum sakinlik gerektiriyor.<\/p>\n\n\n\n<figure class=\"wp-block-image\"><img decoding=\"async\" src=\"https:\/\/i.turkiyegazetesi.com.tr\/images\/2026\/3\/9\/osimhenin-en-zor-sinavi-liverpool-karsisinda-mayin-tarlasinda-yuruyecek-1775908_202603091109_20260309110927_2.jpg\" alt=\"Okan Buruk (Soldan ikinci)\"\/><figcaption class=\"wp-element-caption\"><img decoding=\"async\" src=\"https:\/\/s.turkiyegazetesi.com.tr\/s\/i\/icon-detail-image.svg\" alt=\"Ba\u015fl\u0131k Resmi\">Okan Buruk (Soldan ikinci)<\/figcaption><\/figure>\n\n\n\n<h4 class=\"wp-block-heading\">ZORLU YOLLARDAN SON 16&#8217;YA<\/h4>\n\n\n\n<p>Galatasaray, bu sezon \u015eampiyonlar Ligi\u2019nde ini\u015fli \u00e7\u0131k\u0131\u015fl\u0131 bir grafik \u00e7izse de pes etmedi. Lig etab\u0131n\u0131 20. s\u0131rada tamamlad\u0131ktan sonra play-off turunda \u0130talyan devi Juventus\u2019u elemeyi ba\u015faran sar\u0131-k\u0131rm\u0131z\u0131l\u0131lar, taraftar\u0131n\u0131n deste\u011fiyle Avrupa\u2019da yeniden bir tarih yazman\u0131n pe\u015finde. Tak\u0131m, bu tura devleri dize getirerek gelmenin \u00f6zg\u00fcvenini ta\u015f\u0131yor.<\/p>\n\n\n\n<p>\u00d6NER\u0130LEN HABERLER<\/p>\n\n\n\n<p><a href=\"https:\/\/www.turkiyegazetesi.com.tr\/spor\/besiktas-derbisi-sonrasi-iddia-liverpool-maci-11ini-acikladi-1775710\"><\/a><\/p>\n\n\n\n<figure class=\"wp-block-image\"><a class=\"article-recommended__item\" href=\"https:\/\/www.turkiyegazetesi.com.tr\/spor\/besiktas-derbisi-sonrasi-iddia-liverpool-maci-11ini-acikladi-1775710\"><img decoding=\"async\" src=\"https:\/\/i.turkiyegazetesi.com.tr\/images\/2026\/3\/8\/besiktas-derbisi-sonrasi-iddia-liverpool-maci-11ini-acikladi-1775710_20260308114914.jpg\" alt=\"Be\u015fikta\u015f derbisi sonras\u0131 iddia! Liverpool ma\u00e7\u0131 11\"\/><\/a><\/figure>\n\n\n\n<p><a href=\"https:\/\/www.turkiyegazetesi.com.tr\/spor\/besiktas-derbisi-sonrasi-iddia-liverpool-maci-11ini-acikladi-1775710\">SPOR<\/a><\/p>\n\n\n\n<h3 class=\"wp-block-heading\"><a href=\"https:\/\/www.turkiyegazetesi.com.tr\/spor\/besiktas-derbisi-sonrasi-iddia-liverpool-maci-11ini-acikladi-1775710\">Be\u015fikta\u015f derbisi sonras\u0131 iddia! Liverpool ma\u00e7\u0131 11&#8217;ini a\u00e7\u0131klad\u0131<\/a><\/h3>\n\n\n\n<h4 class=\"wp-block-heading\">LIVERPOOL \u0130LE HESAP KESME VAKT\u0130<\/h4>\n\n\n\n<p>\u0130ngiliz temsilcisi Liverpool, lig etab\u0131n\u0131 3. s\u0131rada tamamlayarak bu tura do\u011frudan y\u00fckseldi. Ancak &#8220;K\u0131rm\u0131z\u0131lar&#8221; i\u00e7in RAMS Park hat\u0131ralar\u0131 pek de iyi de\u011fil; zira&nbsp;<strong>Galatasaray, lig etab\u0131nda rakibini Osimhen\u2019in penalt\u0131 gol\u00fcyle 1-0 ma\u011flup etmeyi ba\u015farm\u0131\u015ft\u0131. \u0130ngiliz ekibi yar\u0131n hem bu ma\u011flubiyetin r\u00f6van\u015f\u0131n\u0131 almak hem de evine avantajl\u0131 d\u00f6nmek isteyecek.<\/strong><\/p>\n\n\n\n<figure class=\"wp-block-image\"><img decoding=\"async\" src=\"https:\/\/i.turkiyegazetesi.com.tr\/images\/2026\/3\/9\/osimhenin-en-zor-sinavi-liverpool-karsisinda-mayin-tarlasinda-yuruyecek-1775908_202603091109_20260309110928_3.jpg\" alt=\"Osimhen'in en zor s\u0131nav\u0131: Liverpool kar\u015f\u0131s\u0131nda &quot;may\u0131n tarlas\u0131nda&quot; y\u00fcr\u00fcyecek!\"\/><figcaption class=\"wp-element-caption\"><img decoding=\"async\" src=\"https:\/\/s.turkiyegazetesi.com.tr\/s\/i\/icon-detail-image.svg\" alt=\"Ba\u015fl\u0131k Resmi\">Osimhen&#8217;in en zor s\u0131nav\u0131: Liverpool kar\u015f\u0131s\u0131nda &#8220;may\u0131n tarlas\u0131nda&#8221; y\u00fcr\u00fcyecek!<\/figcaption><\/figure>\n\n\n\n<h4 class=\"wp-block-heading\">EKS\u0130KS\u0130Z KADRO, TAM KONSANTRASYON<\/h4>\n\n\n\n<p><strong>Galatasaray cephesinde sevindirici haber ise tak\u0131m\u0131n Liverpool kar\u015f\u0131s\u0131na tam kadro \u00e7\u0131kacak olmas\u0131.<\/strong>&nbsp;Sakat veya cezal\u0131 oyuncusu bulunmayan Okan Buruk, elindeki t\u00fcm geni\u015f kadro avantaj\u0131n\u0131 kullanabilecek.&nbsp;<strong>Rakip Liverpool\u2019da ise Alexander Isak\u2019\u0131n sakatl\u0131\u011f\u0131 nedeniyle forma giyemeyecek olmas\u0131, temsilcimiz i\u00e7in \u00f6nemli bir avantaj olarak g\u00f6r\u00fcl\u00fcyor.<\/strong><\/p>\n\n\n\n<p>\u00d6NER\u0130LEN HABERLER<\/p>\n\n\n\n<p><a href=\"https:\/\/www.turkiyegazetesi.com.tr\/spor\/dev-derbinin-tartismali-hakem-kararlari-degerlendirildi-osimhen-oyundan-atilmaliydi-1775703\"><\/a><\/p>\n\n\n\n<figure class=\"wp-block-image\"><a class=\"article-recommended__item\" href=\"https:\/\/www.turkiyegazetesi.com.tr\/spor\/dev-derbinin-tartismali-hakem-kararlari-degerlendirildi-osimhen-oyundan-atilmaliydi-1775703\"><img decoding=\"async\" src=\"https:\/\/i.turkiyegazetesi.com.tr\/images\/2026\/3\/8\/dev-derbinin-tartismali-hakem-kararlari-degerlendirildi-osimhen-oyundan-atilmaliydi-1775703_20260308110513.jpg\" alt=\"Dev derbinin tart\u0131\u015fmal\u0131 hakem kararlar\u0131 de\u011ferlendirildi: Osimhen oyundan at\u0131lmal\u0131yd\u0131\"\/><\/a><\/figure>\n\n\n\n<p><a href=\"https:\/\/www.turkiyegazetesi.com.tr\/spor\/dev-derbinin-tartismali-hakem-kararlari-degerlendirildi-osimhen-oyundan-atilmaliydi-1775703\">SPOR<\/a><\/p>\n\n\n\n<h3 class=\"wp-block-heading\"><a href=\"https:\/\/www.turkiyegazetesi.com.tr\/spor\/dev-derbinin-tartismali-hakem-kararlari-degerlendirildi-osimhen-oyundan-atilmaliydi-1775703\">Dev derbinin tart\u0131\u015fmal\u0131 hakem kararlar\u0131 de\u011ferlendirildi: Osimhen oyundan at\u0131lmal\u0131yd\u0131<\/a><\/h3>\n\n\n\n<h4 class=\"wp-block-heading\">HEDEF 18 MART \u00d6NCES\u0130 AVANTAJ<\/h4>\n\n\n\n<p><strong>Galatasaray\u2019\u0131n tek amac\u0131, ate\u015fli taraftar\u0131 \u00f6n\u00fcnde gol yemeden kazanarak 18 Mart\u2019ta Anfield\u2019da oynanacak r\u00f6van\u015f \u00f6ncesi kap\u0131y\u0131 aralamak.<\/strong>&nbsp;Ancak bu hedefe ula\u015f\u0131rken g\u00f6sterilecek performans kadar, 7 as oyuncunun ve teknik direkt\u00f6r\u00fcn kart g\u00f6rmeden ma\u00e7\u0131 tamamlamas\u0131, tur yolundaki en kritik strateji olacak.<\/p>\n\n\n\n<p><a href=\"https:\/\/www.turkiyegazetesi.com.tr\/spor\/osimhenin-en-zor-sinavi-liverpool-karsisinda-mayin-tarlasinda-yuruyecek-1775908?s=3\">https:\/\/www.turkiyegazetesi.com.tr\/spor\/osimhenin-en-zor-sinavi-liverpool-karsisinda-mayin-tarlasinda-yuruyecek-1775908?s=3<\/a><\/p>\n","protected":false},"excerpt":{"rendered":"<p>T\u00fcrkiye Gazetesi\u2022\u0130stanbul&nbsp; Son G\u00fcncelleme: 09 Mart, 2026 &#8211; 11:53 Galatasaray, UEFA \u015eampiyonlar Ligi son 16 turu ilk ma\u00e7\u0131nda yar\u0131n sahas\u0131nda Liverpool&#8217;u a\u011f\u0131rl\u0131yor. Dev randevu \u00f6ncesi sar\u0131-k\u0131rm\u0131z\u0131l\u0131larda en kritik g\u00fcndem maddesi, Victor Osimhen dahil tam 7 ismin sar\u0131 kart s\u0131n\u0131r\u0131nda olmas\u0131. Kart s\u0131n\u0131r\u0131nda bulunan Osimhen, sar\u0131 kart g\u00f6rmesi halinde \u0130ngiltere\u2019deki kritik r\u00f6van\u015fta tak\u0131m\u0131n\u0131 yaln\u0131z b\u0131rakacak. Teknik [&hellip;]<\/p>\n","protected":false},"author":4,"featured_media":1809,"comment_status":"open","ping_status":"open","sticky":false,"template":"","format":"standard","meta":{"_jetpack_memberships_contains_paid_content":false,"footnotes":""},"categories":[6],"tags":[],"class_list":["post-1808","post","type-post","status-publish","format-standard","has-post-thumbnail","hentry","category-spor"],"jetpack_featured_media_url":"https:\/\/gundexia.com\/wp-content\/uploads\/2026\/03\/IMG_1149.webp","jetpack_sharing_enabled":true,"_links":{"self":[{"href":"https:\/\/gundexia.com\/index.php?rest_route=\/wp\/v2\/posts\/1808","targetHints":{"allow":["GET"]}}],"collection":[{"href":"https:\/\/gundexia.com\/index.php?rest_route=\/wp\/v2\/posts"}],"about":[{"href":"https:\/\/gundexia.com\/index.php?rest_route=\/wp\/v2\/types\/post"}],"author":[{"embeddable":true,"href":"https:\/\/gundexia.com\/index.php?rest_route=\/wp\/v2\/users\/4"}],"replies":[{"embeddable":true,"href":"https:\/\/gundexia.com\/index.php?rest_route=%2Fwp%2Fv2%2Fcomments&post=1808"}],"version-history":[{"count":1,"href":"https:\/\/gundexia.com\/index.php?rest_route=\/wp\/v2\/posts\/1808\/revisions"}],"predecessor-version":[{"id":1810,"href":"https:\/\/gundexia.com\/index.php?rest_route=\/wp\/v2\/posts\/1808\/revisions\/1810"}],"wp:featuredmedia":[{"embeddable":true,"href":"https:\/\/gundexia.com\/index.php?rest_route=\/wp\/v2\/media\/1809"}],"wp:attachment":[{"href":"https:\/\/gundexia.com\/index.php?rest_route=%2Fwp%2Fv2%2Fmedia&parent=1808"}],"wp:term":[{"taxonomy":"category","embeddable":true,"href":"https:\/\/gundexia.com\/index.php?rest_route=%2Fwp%2Fv2%2Fcategories&post=1808"},{"taxonomy":"post_tag","embeddable":true,"href":"https:\/\/gundexia.com\/index.php?rest_route=%2Fwp%2Fv2%2Ftags&post=1808"}],"curies":[{"name":"wp","href":"https:\/\/api.w.org\/{rel}","templated":true}]}}