{"id":1721,"date":"2026-03-08T15:45:53","date_gmt":"2026-03-08T12:45:53","guid":{"rendered":"https:\/\/gundexia.com\/?p=1721"},"modified":"2026-03-08T15:45:56","modified_gmt":"2026-03-08T12:45:56","slug":"siyah-beyazlilardan-tffye-sert-cagri","status":"publish","type":"post","link":"https:\/\/gundexia.com\/?p=1721","title":{"rendered":"Siyah-Beyazl\u0131lardan TFF\u2019ye Sert \u00c7a\u011fr\u0131!"},"content":{"rendered":"\n<p>by&nbsp;<a href=\"https:\/\/objektif.site\/author\/rabiakunarci\/\">rabia kunarci<\/a>Mart 8, 2026<a href=\"https:\/\/objektif.site\/2026\/03\/08\/siyah-beyazlilardan-tffye-sert-cagri\/#respond\">0<\/a>1<strong>PAYLA\u015e<\/strong><a href=\"https:\/\/objektif.site\/2026\/03\/08\/siyah-beyazlilardan-tffye-sert-cagri\/#\">0<\/a><a target=\"_blank\" rel=\"noreferrer noopener\" href=\"https:\/\/www.facebook.com\/sharer\/sharer.php?u=https%3A%2F%2Fobjektif.site%2F2026%2F03%2F08%2Fsiyah-beyazlilardan-tffye-sert-cagri%2F\"><\/a><a target=\"_blank\" rel=\"noreferrer noopener\" href=\"https:\/\/twitter.com\/intent\/tweet?text=Siyah-Beyazl%C4%B1lardan%20TFFye%20Sert%20%C3%87a%C4%9Fr%C4%B1!%20-%20https:\/\/objektif.site\/2026\/03\/08\/siyah-beyazlilardan-tffye-sert-cagri\/\"><\/a><a target=\"_blank\" rel=\"noreferrer noopener\" href=\"http:\/\/pinterest.com\/pin\/create\/button?url=https%3A%2F%2Fobjektif.site%2F2026%2F03%2F08%2Fsiyah-beyazlilardan-tffye-sert-cagri%2F&amp;media=https%3A%2F%2Fobjektif.site%2Fwp-content%2Fuploads%2F2026%2F03%2Fbjk-2.jpg&amp;description=Siyah-Beyazl%C4%B1lardan%20TFFye%20Sert%20%C3%87a%C4%9Fr%C4%B1%21\"><\/a><a target=\"_blank\" rel=\"noreferrer noopener\" href=\"https:\/\/www.linkedin.com\/shareArticle?mini=true&amp;url=https%3A%2F%2Fobjektif.site%2F2026%2F03%2F08%2Fsiyah-beyazlilardan-tffye-sert-cagri%2F&amp;title=Siyah-Beyazl%C4%B1lardan%20TFFye%20Sert%20%C3%87a%C4%9Fr%C4%B1%21\"><\/a><a target=\"_blank\" rel=\"noreferrer noopener\" href=\"https:\/\/www.tumblr.com\/share\/link?url=https%3A%2F%2Fobjektif.site%2F2026%2F03%2F08%2Fsiyah-beyazlilardan-tffye-sert-cagri%2F&amp;name=Siyah-Beyazl%C4%B1lardan%20TFFye%20Sert%20%C3%87a%C4%9Fr%C4%B1%21\"><\/a><a target=\"_blank\" rel=\"noreferrer noopener\" href=\"https:\/\/reddit.com\/submit?url=https%3A%2F%2Fobjektif.site%2F2026%2F03%2F08%2Fsiyah-beyazlilardan-tffye-sert-cagri%2F&amp;title=Siyah-Beyazl%C4%B1lardan%20TFFye%20Sert%20%C3%87a%C4%9Fr%C4%B1%21\"><\/a><a target=\"_blank\" rel=\"noreferrer noopener\" href=\"https:\/\/telegram.me\/share\/url?url=https%3A%2F%2Fobjektif.site%2F2026%2F03%2F08%2Fsiyah-beyazlilardan-tffye-sert-cagri%2F&amp;text=Siyah-Beyazl%C4%B1lardan%20TFFye%20Sert%20%C3%87a%C4%9Fr%C4%B1%21\"><\/a><a target=\"_blank\" rel=\"noreferrer noopener\" href=\"mailto:?subject=Siyah-Beyazl%C4%B1lardan%20TFFye%20Sert%20%C3%87a%C4%9Fr%C4%B1!&amp;BODY=https:\/\/objektif.site\/2026\/03\/08\/siyah-beyazlilardan-tffye-sert-cagri\/\"><\/a><\/p>\n\n\n\n<figure class=\"wp-block-image\"><img decoding=\"async\" src=\"https:\/\/objektif.site\/wp-content\/uploads\/2026\/03\/bjk-2.jpg\" alt=\"\"\/><\/figure>\n\n\n\n<p>Be\u015fikta\u015f, Galatasaray-Be\u015fikta\u015f Ma\u00e7\u0131 kar\u015f\u0131la\u015fmas\u0131nda ya\u015fanan hakem y\u00f6netimi nedeniyle T\u00fcrkiye Futbol Federasyonu\u2019na (TFF) a\u00e7\u0131k \u00e7a\u011fr\u0131da bulundu; siyah-beyazl\u0131 kul\u00fcp, resmi kanallar\u0131 \u00fczerinden yapt\u0131\u011f\u0131 a\u00e7\u0131klamada hakem performans\u0131na dair de\u011ferlendirmelerini payla\u015farak benzer durumlar\u0131n tekrarlanmamas\u0131 i\u00e7in gerekli ad\u0131mlar\u0131n at\u0131lmas\u0131n\u0131 talep etti ve bu t\u00fcr uygulamalara kar\u015f\u0131 \u00f6nlem al\u0131nmas\u0131 gerekti\u011fini vurgulad\u0131.<\/p>\n\n\n\n<figure class=\"wp-block-image\"><img decoding=\"async\" src=\"https:\/\/iaftm.tmgrup.com.tr\/1dc99d\/385\/218\/0\/0\/2048\/1160?u=https:\/\/iftm.tmgrup.com.tr\/2026\/03\/08\/1772950295742.jpg\" alt=\"Be\u015fikta\u015f'tan TFF'ye a\u00e7\u0131k \u00e7a\u011fr\u0131!\"\/><\/figure>\n\n\n\n<p>Trendyol S\u00fcper Lig\u2019in 25. haftas\u0131nda Be\u015fikta\u015f, sahas\u0131nda oynad\u0131\u011f\u0131 dev derbide Galatasaray\u2019a 1-0 ma\u011flup oldu. Ma\u00e7\u0131n ard\u0131ndan Be\u015fikta\u015f \u0130kinci Ba\u015fkan\u0131 Hakan Daltaban, teknik direkt\u00f6r Sergen Yal\u00e7\u0131n ve oyuncular hakem y\u00f6netimini ele\u015ftirirken, siyah-beyazl\u0131 kul\u00fcp resmi kanallar\u0131 \u00fczerinden T\u00fcrkiye Futbol Federasyonu\u2019na (TFF) a\u00e7\u0131k \u00e7a\u011fr\u0131da bulundu. Kul\u00fcp a\u00e7\u0131klamas\u0131nda, kar\u015f\u0131la\u015fmada ya\u015fanan hakem performans\u0131n\u0131n de\u011ferlendirilmesi ve benzer durumlar\u0131n tekrarlanmamas\u0131 i\u00e7in gerekli ad\u0131mlar\u0131n at\u0131lmas\u0131 talep edildi.<\/p>\n\n\n\n<p><strong>T\u00dcRK\u0130YE FUTBOL FEDERASYONU\u2019NA A\u00c7IK \u00c7A\u011eRIMIZDIR<\/strong><\/p>\n\n\n\n<p>T\u00fcrkiye Futbol Federasyonu\u2019ndan Trendyol S\u00fcper Lig\u2019de Galatasaray\u2019la oynad\u0131\u011f\u0131m\u0131z ma\u00e7 s\u0131ras\u0131nda Riva\u2019daki VAR merkezinde ya\u015fananlarla ilgili a\u015fa\u011f\u0131daki sorular\u0131m\u0131za cevap vermesini ivedilikle talep ediyoruz.<\/p>\n\n\n\n<p>VAR merkezinde ve \u00e7evresinde kimler bulunmaktad\u0131r, VAR odas\u0131n\u0131 ve odan\u0131n bulundu\u011fu koridoru sesli bir \u015fekilde kay\u0131t alt\u0131na alan kamera veya kameralar bulunmakta m\u0131d\u0131r?<\/p>\n\n\n\n<p>Portekizli VAR e\u011fitmenleri, ma\u00e7 esnas\u0131nda VAR odas\u0131nda yer almakta m\u0131d\u0131r? E\u011fer VAR odas\u0131nda yer al\u0131yorlarsa karar verme s\u00fcre\u00e7lerine dahil oluyorlar m\u0131d\u0131r?<\/p>\n\n\n\n<p>E\u011fitmen ad\u0131 alt\u0131nda g\u00f6rev yapt\u0131klar\u0131 s\u00f6ylenen Portekizli e\u011fitmenlerin ma\u00e7 esnas\u0131nda orada olmalar\u0131n\u0131 gerektiren federasyonda herhangi bir g\u00f6revleri var m\u0131d\u0131r?<\/p>\n\n\n\n<p>VAR merkezinin i\u00e7inde veya koridorunda, ma\u00e7 oynand\u0131\u011f\u0131 s\u0131rada orada bulunmamas\u0131 gereken ki\u015fi veya ki\u015filer var m\u0131d\u0131r?<\/p>\n\n\n\n<p>\u015eeffaf ve adil bir y\u00f6netim s\u00f6z\u00fcyle g\u00f6reve gelen T\u00fcrkiye Futbol Federasyonu y\u00f6netiminin sorular\u0131m\u0131za hemen cevap vermesi elzemdir.<\/p>\n\n\n\n<p>Be\u015fikta\u015f JK olarak; Galatasaray\u2019la oynad\u0131\u011f\u0131m\u0131z m\u00fcsabakan\u0131n VAR odas\u0131 ve odan\u0131n bulundu\u011fu koridorun kamera kay\u0131tlar\u0131n\u0131n taraf\u0131m\u0131zla payla\u015fmas\u0131n\u0131 talep eder, bu talebimizi T\u00fcrkiye Futbol Federasyonu ba\u015fta olmak \u00fczere kamuoyunun bilgisine sunar\u0131z.<\/p>\n\n\n\n<p>Be\u015fikta\u015f JK<\/p>\n\n\n\n<p><a href=\"https:\/\/objektif.site\/2026\/03\/08\/siyah-beyazlilardan-tffye-sert-cagri\">https:\/\/objektif.site\/2026\/03\/08\/siyah-beyazlilardan-tffye-sert-cagri<\/a><\/p>\n","protected":false},"excerpt":{"rendered":"<p>by&nbsp;rabia kunarciMart 8, 202601PAYLA\u015e0 Be\u015fikta\u015f, Galatasaray-Be\u015fikta\u015f Ma\u00e7\u0131 kar\u015f\u0131la\u015fmas\u0131nda ya\u015fanan hakem y\u00f6netimi nedeniyle T\u00fcrkiye Futbol Federasyonu\u2019na (TFF) a\u00e7\u0131k \u00e7a\u011fr\u0131da bulundu; siyah-beyazl\u0131 kul\u00fcp, resmi kanallar\u0131 \u00fczerinden yapt\u0131\u011f\u0131 a\u00e7\u0131klamada hakem performans\u0131na dair de\u011ferlendirmelerini payla\u015farak benzer durumlar\u0131n tekrarlanmamas\u0131 i\u00e7in gerekli ad\u0131mlar\u0131n at\u0131lmas\u0131n\u0131 talep etti ve bu t\u00fcr uygulamalara kar\u015f\u0131 \u00f6nlem al\u0131nmas\u0131 gerekti\u011fini vurgulad\u0131. Trendyol S\u00fcper Lig\u2019in 25. haftas\u0131nda Be\u015fikta\u015f, [&hellip;]<\/p>\n","protected":false},"author":4,"featured_media":1724,"comment_status":"open","ping_status":"open","sticky":false,"template":"","format":"standard","meta":{"_jetpack_memberships_contains_paid_content":false,"footnotes":""},"categories":[6],"tags":[],"class_list":["post-1721","post","type-post","status-publish","format-standard","has-post-thumbnail","hentry","category-spor"],"jetpack_featured_media_url":"https:\/\/gundexia.com\/wp-content\/uploads\/2026\/03\/IMG_1147.jpeg","jetpack_sharing_enabled":true,"_links":{"self":[{"href":"https:\/\/gundexia.com\/index.php?rest_route=\/wp\/v2\/posts\/1721","targetHints":{"allow":["GET"]}}],"collection":[{"href":"https:\/\/gundexia.com\/index.php?rest_route=\/wp\/v2\/posts"}],"about":[{"href":"https:\/\/gundexia.com\/index.php?rest_route=\/wp\/v2\/types\/post"}],"author":[{"embeddable":true,"href":"https:\/\/gundexia.com\/index.php?rest_route=\/wp\/v2\/users\/4"}],"replies":[{"embeddable":true,"href":"https:\/\/gundexia.com\/index.php?rest_route=%2Fwp%2Fv2%2Fcomments&post=1721"}],"version-history":[{"count":1,"href":"https:\/\/gundexia.com\/index.php?rest_route=\/wp\/v2\/posts\/1721\/revisions"}],"predecessor-version":[{"id":1725,"href":"https:\/\/gundexia.com\/index.php?rest_route=\/wp\/v2\/posts\/1721\/revisions\/1725"}],"wp:featuredmedia":[{"embeddable":true,"href":"https:\/\/gundexia.com\/index.php?rest_route=\/wp\/v2\/media\/1724"}],"wp:attachment":[{"href":"https:\/\/gundexia.com\/index.php?rest_route=%2Fwp%2Fv2%2Fmedia&parent=1721"}],"wp:term":[{"taxonomy":"category","embeddable":true,"href":"https:\/\/gundexia.com\/index.php?rest_route=%2Fwp%2Fv2%2Fcategories&post=1721"},{"taxonomy":"post_tag","embeddable":true,"href":"https:\/\/gundexia.com\/index.php?rest_route=%2Fwp%2Fv2%2Ftags&post=1721"}],"curies":[{"name":"wp","href":"https:\/\/api.w.org\/{rel}","templated":true}]}}