{"id":1694,"date":"2026-03-08T15:27:44","date_gmt":"2026-03-08T12:27:44","guid":{"rendered":"https:\/\/gundexia.com\/?p=1694"},"modified":"2026-03-08T15:28:17","modified_gmt":"2026-03-08T12:28:17","slug":"spor-federasyonlarindan-8-mart-dunya-emekci-kadinlar-gunu-mesaji","status":"publish","type":"post","link":"https:\/\/gundexia.com\/?p=1694","title":{"rendered":"Spor federasyonlar\u0131ndan 8 Mart D\u00fcnya Emek\u00e7i Kad\u0131nlar G\u00fcn\u00fc mesaj\u0131!"},"content":{"rendered":"\n<p>8.03.2026 14:09:00<\/p>\n\n\n\n<p>G\u00fcncellenme:&nbsp;8.03.2026 14:09:00<\/p>\n\n\n\n<p><a href=\"https:\/\/www.cumhuriyet.com.tr\/haber-kaynagi\/aa\">AA<\/a><\/p>\n\n\n\n<figure class=\"wp-block-image\"><img decoding=\"async\" src=\"https:\/\/media.cumhuriyet.com.tr\/Archive\/f7f23164-2a30-464f-af2a-87043e2e8448.jpg\" alt=\"Spor federasyonlar\u0131ndan 8 Mart D\u00fcnya Emek\u00e7i Kad\u0131nlar G\u00fcn\u00fc mesaj\u0131!\"\/><\/figure>\n\n\n\n<h2 class=\"wp-block-heading\">T\u00fcrkiye&#8217;deki spor federasyonlar\u0131, 8 Mart D\u00fcnya Emek\u00e7i Kad\u0131nlar G\u00fcn\u00fc i\u00e7in kutlama mesaj\u0131 yay\u0131mlad\u0131.<a href=\"https:\/\/www.cumhuriyet.com.tr\/spor\/spor-federasyonlarindan-8-mart-dunya-emekci-kadinlar-gunu-mesaji-2485038?utm_source=chatgpt.com#\"><\/a><a href=\"https:\/\/www.cumhuriyet.com.tr\/spor\/spor-federasyonlarindan-8-mart-dunya-emekci-kadinlar-gunu-mesaji-2485038?utm_source=chatgpt.com#\"><\/a><a href=\"https:\/\/www.cumhuriyet.com.tr\/spor\/spor-federasyonlarindan-8-mart-dunya-emekci-kadinlar-gunu-mesaji-2485038?utm_source=chatgpt.com#\"><\/a><a href=\"https:\/\/www.cumhuriyet.com.tr\/spor\/spor-federasyonlarindan-8-mart-dunya-emekci-kadinlar-gunu-mesaji-2485038?utm_source=chatgpt.com#\"><\/a><a href=\"https:\/\/www.cumhuriyet.com.tr\/spor\/spor-federasyonlarindan-8-mart-dunya-emekci-kadinlar-gunu-mesaji-2485038?utm_source=chatgpt.com#\"><\/a><a href=\"https:\/\/www.cumhuriyet.com.tr\/spor\/spor-federasyonlarindan-8-mart-dunya-emekci-kadinlar-gunu-mesaji-2485038?utm_source=chatgpt.com#\"><\/a><a href=\"https:\/\/www.cumhuriyet.com.tr\/spor\/spor-federasyonlarindan-8-mart-dunya-emekci-kadinlar-gunu-mesaji-2485038?utm_source=chatgpt.com#\"><\/a><\/h2>\n\n\n\n<p>Spor federasyonlar\u0131,&nbsp;<strong>8 Mart D\u00fcnya Emek\u00e7i Kad\u0131nlar G\u00fcn\u00fc<\/strong>&#8216;n\u00fc yay\u0131mlad\u0131klar\u0131 mesajlarla kutlad\u0131.<\/p>\n\n\n\n<p>T\u00fcrkiye Milli Olimpiyat Komitesi (TMOK), &#8220;<strong>Dil de\u011fi\u015firse, oyun de\u011fi\u015fir&#8221;<\/strong>&nbsp;ba\u015fl\u0131\u011f\u0131yla yay\u0131mlad\u0131\u011f\u0131 mesaj\u0131nda, &#8220;<strong>TMOK olarak, sporda e\u015fitli\u011fin sahalardan \u00f6nce dilde ba\u015flad\u0131\u011f\u0131na inan\u0131yoruz. Gelin, sahadaki m\u00fccadeleyi ayr\u0131mc\u0131l\u0131ktan uzak, \u00f6nyarg\u0131s\u0131z ve e\u015fitlik\u00e7i kelimelerle konu\u015fal\u0131m; spordaki e\u015fitli\u011fin engellerinden birini hep beraber kald\u0131ral\u0131m. 8 Mart D\u00fcnya Kad\u0131nlar G\u00fcn\u00fc kutlu olsun<\/strong>&#8221; ifadelerini kulland\u0131.<\/p>\n\n\n\n<p>T\u00fcrkiye Milli Paralimpik Komitesi&#8217;nin mesaj\u0131nda, &#8220;<strong>8 Mart D\u00fcnya Kad\u0131nlar G\u00fcn\u00fc&#8217;nde; kad\u0131nlar\u0131n ihtiyac\u0131n\u0131n, pozitif de olsa bir ayr\u0131cal\u0131k de\u011fil, e\u015fit \u015fartlarda hak ettikleri de\u011feri g\u00f6rmek oldu\u011funu bir kez daha vurguluyoruz. T\u00fcm kad\u0131nlar\u0131n D\u00fcnya Kad\u0131nlar G\u00fcn\u00fc&#8217;n\u00fc kutluyor, yaln\u0131zca bug\u00fcn de\u011fil her g\u00fcn e\u015fitlik, sayg\u0131 ve hak ettikleri de\u011feri g\u00f6rmelerini diliyoruz<\/strong>&#8221; denildi.<\/p>\n\n\n\n<p>T\u00fcrkiye Hentbol Federasyonu&#8217;nun mesaj\u0131nda, &#8220;<strong>M\u00fccadelesiyle, kararl\u0131l\u0131\u011f\u0131yla her g\u00fcn yeniden birbirine ilham olan t\u00fcm kad\u0131nlar\u0131n 8 Mart Kad\u0131nlar G\u00fcn\u00fc kutlu olsun&#8221;,&nbsp;<\/strong>T\u00fcrkiye Voleybol Federasyonu&#8217;nun mesaj\u0131nda da,<strong>&nbsp;&#8220;Ba\u015far\u0131lar\u0131yla ilham olan t\u00fcm kad\u0131nlar\u0131m\u0131z\u0131n 8 Mart D\u00fcnya Kad\u0131nlar G\u00fcn\u00fc kutlu olsun<\/strong>&#8221; ifadeleri yer ald\u0131.<\/p>\n\n\n\n<p>Bug\u00fcn\u00fcn kad\u0131nlar\u0131n de\u011ferinin bir kez daha hat\u0131rland\u0131\u011f\u0131 anlaml\u0131 bir g\u00fcn oldu\u011fu kaydedilen T\u00fcrkiye Judo Federasyonu&#8217;nun a\u00e7\u0131klamas\u0131nda ise \u015funlar kaydedildi:<\/p>\n\n\n\n<p><strong>&#8220;T\u00fcrk judosunun geli\u015fiminde b\u00fcy\u00fck eme\u011fi olan kad\u0131n sporcular\u0131m\u0131z, antren\u00f6rlerimiz, hakemlerimiz ve spor camiam\u0131z\u0131n t\u00fcm emek\u00e7i kad\u0131nlar\u0131; disiplinleri, kararl\u0131l\u0131klar\u0131 ve m\u00fccadele ruhlar\u0131yla tatami \u00fczerinde oldu\u011fu kadar hayat\u0131n her alan\u0131nda da ilham kayna\u011f\u0131 olmaya devam etmektedir. T\u00fcrkiye Judo Federasyonu olarak sporda e\u015fitli\u011fi, f\u0131rsat adaletini ve kad\u0131nlar\u0131n spor yoluyla g\u00fc\u00e7lenmesini desteklemeye kararl\u0131l\u0131kla devam ediyor; judonun de\u011ferleriyle yeti\u015fen g\u00fc\u00e7l\u00fc nesillerin olu\u015fmas\u0131na katk\u0131 sa\u011flayan t\u00fcm kad\u0131nlar\u0131m\u0131z\u0131n 8 Mart D\u00fcnya Kad\u0131nlar G\u00fcn\u00fc&#8217;n\u00fc kutluyoruz.&#8221;<\/strong><a href=\"https:\/\/www.fiat.com.tr\/kampanyalar\/satis\/grande-panda-pozitif-enerji-her-anda\"><\/a><a href=\"https:\/\/popup.taboola.com\/tr\/?template=colorbox&amp;utm_source=cumhuriyetgazetesi&amp;utm_medium=referral&amp;utm_content=thumbs-ma-01:Mid%20Article:\" target=\"_blank\" rel=\"noreferrer noopener\"><\/a><\/p>\n\n\n\n<p>T\u00fcrkiye Hokey Federasyonu, &#8220;<strong>Sahada, hayatta ve her alanda eme\u011fi, azmi ve ba\u015far\u0131lar\u0131yla ilham veren t\u00fcm kad\u0131nlar\u0131n g\u00fcn\u00fcn\u00fc kutluyoruz&#8221;,&nbsp;<\/strong>T\u00fcrkiye Tekvando Federasyonu da,&nbsp;<strong>&#8220;Ku\u015fa\u011f\u0131ndaki azim, ruhundaki asaletle d\u00fcnyay\u0131 g\u00fczelle\u015ftiren t\u00fcm kad\u0131nlar\u0131m\u0131z\u0131n 8 Mart D\u00fcnya Kad\u0131nlar G\u00fcn\u00fc kutlu olsun&#8221;,<\/strong>&nbsp;T\u00fcrkiye Tenis Federasyonu da,&nbsp;<strong>&#8220;Kortta ve hayat\u0131n her alan\u0131nda ilham veren t\u00fcm kad\u0131nlar\u0131n 8 Mart D\u00fcnya Kad\u0131nlar G\u00fcn\u00fc kutlu olsun<\/strong>&#8221; mesaj\u0131n\u0131 payla\u015ft\u0131.<\/p>\n\n\n\n<p>&#8220;Hedefe odaklanan kad\u0131nlar, ba\u015far\u0131y\u0131 tam isabetle vurur&#8221; ba\u015fl\u0131\u011f\u0131yla payla\u015f\u0131lan T\u00fcrkiye At\u0131c\u0131l\u0131k Federasyonunun mesaj\u0131nda &#8220;Azimleri, disiplinleri ve ba\u015far\u0131lar\u0131yla T\u00fcrk sporuna de\u011fer katan t\u00fcm kad\u0131n sporcular\u0131m\u0131z\u0131n, antren\u00f6rlerimizin, spor emek\u00e7ilerimizin ve toplumumuzun en \u00f6nemli g\u00fcc\u00fc olan b\u00fct\u00fcn kad\u0131nlar\u0131m\u0131z\u0131n 8 Mart D\u00fcnya Kad\u0131nlar G\u00fcn\u00fc\u2019n\u00fc kutluyoruz.&#8221; ifadelerine yer verildi.<\/p>\n\n\n\n<p>Tekvando, badminton, kayak, satran\u00e7, yelken, kano, kick boks, otomobil, g\u00f6rme engelliler, ragbi, motosiklet, modern pentatlon, golf federasyonu da yay\u0131mlad\u0131klar\u0131 mesajlarla 8 Mart D\u00fcnya Kad\u0131nlar G\u00fcn\u00fc&#8217;n\u00fc kutlad\u0131.<\/p>\n\n\n\n<p><a href=\"https:\/\/www.cumhuriyet.com.tr\/spor\/spor-federasyonlarindan-8-mart-dunya-emekci-kadinlar-gunu-mesaji-2485038?utm_source=chatgpt.com\">https:\/\/www.cumhuriyet.com.tr\/spor\/spor-federasyonlarindan-8-mart-dunya-emekci-kadinlar-gunu-mesaji-2485038?utm_source=chatgpt.com<\/a><\/p>\n","protected":false},"excerpt":{"rendered":"<p>8.03.2026 14:09:00 G\u00fcncellenme:&nbsp;8.03.2026 14:09:00 AA T\u00fcrkiye&#8217;deki spor federasyonlar\u0131, 8 Mart D\u00fcnya Emek\u00e7i Kad\u0131nlar G\u00fcn\u00fc i\u00e7in kutlama mesaj\u0131 yay\u0131mlad\u0131. Spor federasyonlar\u0131,&nbsp;8 Mart D\u00fcnya Emek\u00e7i Kad\u0131nlar G\u00fcn\u00fc&#8216;n\u00fc yay\u0131mlad\u0131klar\u0131 mesajlarla kutlad\u0131. T\u00fcrkiye Milli Olimpiyat Komitesi (TMOK), &#8220;Dil de\u011fi\u015firse, oyun de\u011fi\u015fir&#8221;&nbsp;ba\u015fl\u0131\u011f\u0131yla yay\u0131mlad\u0131\u011f\u0131 mesaj\u0131nda, &#8220;TMOK olarak, sporda e\u015fitli\u011fin sahalardan \u00f6nce dilde ba\u015flad\u0131\u011f\u0131na inan\u0131yoruz. Gelin, sahadaki m\u00fccadeleyi ayr\u0131mc\u0131l\u0131ktan uzak, \u00f6nyarg\u0131s\u0131z ve [&hellip;]<\/p>\n","protected":false},"author":4,"featured_media":1696,"comment_status":"open","ping_status":"open","sticky":false,"template":"","format":"standard","meta":{"_jetpack_memberships_contains_paid_content":false,"footnotes":""},"categories":[6],"tags":[],"class_list":["post-1694","post","type-post","status-publish","format-standard","has-post-thumbnail","hentry","category-spor"],"jetpack_featured_media_url":"https:\/\/gundexia.com\/wp-content\/uploads\/2026\/03\/IMG_1141.webp","jetpack_sharing_enabled":true,"_links":{"self":[{"href":"https:\/\/gundexia.com\/index.php?rest_route=\/wp\/v2\/posts\/1694","targetHints":{"allow":["GET"]}}],"collection":[{"href":"https:\/\/gundexia.com\/index.php?rest_route=\/wp\/v2\/posts"}],"about":[{"href":"https:\/\/gundexia.com\/index.php?rest_route=\/wp\/v2\/types\/post"}],"author":[{"embeddable":true,"href":"https:\/\/gundexia.com\/index.php?rest_route=\/wp\/v2\/users\/4"}],"replies":[{"embeddable":true,"href":"https:\/\/gundexia.com\/index.php?rest_route=%2Fwp%2Fv2%2Fcomments&post=1694"}],"version-history":[{"count":2,"href":"https:\/\/gundexia.com\/index.php?rest_route=\/wp\/v2\/posts\/1694\/revisions"}],"predecessor-version":[{"id":1698,"href":"https:\/\/gundexia.com\/index.php?rest_route=\/wp\/v2\/posts\/1694\/revisions\/1698"}],"wp:featuredmedia":[{"embeddable":true,"href":"https:\/\/gundexia.com\/index.php?rest_route=\/wp\/v2\/media\/1696"}],"wp:attachment":[{"href":"https:\/\/gundexia.com\/index.php?rest_route=%2Fwp%2Fv2%2Fmedia&parent=1694"}],"wp:term":[{"taxonomy":"category","embeddable":true,"href":"https:\/\/gundexia.com\/index.php?rest_route=%2Fwp%2Fv2%2Fcategories&post=1694"},{"taxonomy":"post_tag","embeddable":true,"href":"https:\/\/gundexia.com\/index.php?rest_route=%2Fwp%2Fv2%2Ftags&post=1694"}],"curies":[{"name":"wp","href":"https:\/\/api.w.org\/{rel}","templated":true}]}}