{"id":1628,"date":"2026-03-07T20:02:17","date_gmt":"2026-03-07T17:02:17","guid":{"rendered":"https:\/\/gundexia.com\/?p=1628"},"modified":"2026-03-07T20:05:39","modified_gmt":"2026-03-07T17:05:39","slug":"kupa-21-yilda-7-kez-sahip-degistirdi","status":"publish","type":"post","link":"https:\/\/gundexia.com\/?p=1628","title":{"rendered":"Kupa 21 Y\u0131lda 7. Kez Sahip De\u011fi\u015ftirdi"},"content":{"rendered":"\n<p>by&nbsp;<a href=\"https:\/\/objektif.site\/author\/rabiakunarci\/\">rabia kunarci<\/a>Mart 7, 2026<a href=\"https:\/\/objektif.site\/2026\/03\/07\/kupa-21-yilda-7-kez-sahip-degistirdi\/#respond\">0<\/a>1<strong>PAYLA\u015e<\/strong><a href=\"https:\/\/objektif.site\/2026\/03\/07\/kupa-21-yilda-7-kez-sahip-degistirdi\/#\">0<\/a><a target=\"_blank\" rel=\"noreferrer noopener\" href=\"https:\/\/www.facebook.com\/sharer\/sharer.php?u=https%3A%2F%2Fobjektif.site%2F2026%2F03%2F07%2Fkupa-21-yilda-7-kez-sahip-degistirdi%2F\"><\/a><a target=\"_blank\" rel=\"noreferrer noopener\" href=\"https:\/\/twitter.com\/intent\/tweet?text=Kupa%2021%20Y%C4%B1lda%207.%20Kez%20Sahip%20De%C4%9Fi%C5%9Ftirdi%20-%20https:\/\/objektif.site\/2026\/03\/07\/kupa-21-yilda-7-kez-sahip-degistirdi\/\"><\/a><a target=\"_blank\" rel=\"noreferrer noopener\" href=\"http:\/\/pinterest.com\/pin\/create\/button?url=https%3A%2F%2Fobjektif.site%2F2026%2F03%2F07%2Fkupa-21-yilda-7-kez-sahip-degistirdi%2F&amp;media=https%3A%2F%2Fobjektif.site%2Fwp-content%2Fuploads%2F2026%2F03%2Fkupa.webp&amp;description=Kupa%2021%20Y%C4%B1lda%207.%20Kez%20Sahip%20De%C4%9Fi%C5%9Ftirdi\"><\/a><a target=\"_blank\" rel=\"noreferrer noopener\" href=\"https:\/\/www.linkedin.com\/shareArticle?mini=true&amp;url=https%3A%2F%2Fobjektif.site%2F2026%2F03%2F07%2Fkupa-21-yilda-7-kez-sahip-degistirdi%2F&amp;title=Kupa%2021%20Y%C4%B1lda%207.%20Kez%20Sahip%20De%C4%9Fi%C5%9Ftirdi\"><\/a><a target=\"_blank\" rel=\"noreferrer noopener\" href=\"https:\/\/www.tumblr.com\/share\/link?url=https%3A%2F%2Fobjektif.site%2F2026%2F03%2F07%2Fkupa-21-yilda-7-kez-sahip-degistirdi%2F&amp;name=Kupa%2021%20Y%C4%B1lda%207.%20Kez%20Sahip%20De%C4%9Fi%C5%9Ftirdi\"><\/a><a target=\"_blank\" rel=\"noreferrer noopener\" href=\"https:\/\/reddit.com\/submit?url=https%3A%2F%2Fobjektif.site%2F2026%2F03%2F07%2Fkupa-21-yilda-7-kez-sahip-degistirdi%2F&amp;title=Kupa%2021%20Y%C4%B1lda%207.%20Kez%20Sahip%20De%C4%9Fi%C5%9Ftirdi\"><\/a><a target=\"_blank\" rel=\"noreferrer noopener\" href=\"https:\/\/telegram.me\/share\/url?url=https%3A%2F%2Fobjektif.site%2F2026%2F03%2F07%2Fkupa-21-yilda-7-kez-sahip-degistirdi%2F&amp;text=Kupa%2021%20Y%C4%B1lda%207.%20Kez%20Sahip%20De%C4%9Fi%C5%9Ftirdi\"><\/a><a target=\"_blank\" rel=\"noreferrer noopener\" href=\"mailto:?subject=Kupa%2021%20Y%C4%B1lda%207.%20Kez%20Sahip%20De%C4%9Fi%C5%9Ftirdi&amp;BODY=https:\/\/objektif.site\/2026\/03\/07\/kupa-21-yilda-7-kez-sahip-degistirdi\/\"><\/a><\/p>\n\n\n\n<figure class=\"wp-block-image\"><img decoding=\"async\" src=\"https:\/\/objektif.site\/wp-content\/uploads\/2026\/03\/kupa.webp\" alt=\"\"\/><\/figure>\n\n\n\n<p><strong>2024-25 sezonundan itibaren uygulanan ve ge\u00e7en y\u0131l revize edilen \u2018Swiss Sistem\u2019 uygulamas\u0131na son verildi. Al\u0131nan karar do\u011frultusunda, \u00f6n\u00fcm\u00fczdeki sezon T\u00fcrkiye Kupas\u0131; 5 eleme turu, son 16 turu, \u00e7eyrek final, yar\u0131 final ve final a\u015famalar\u0131ndan olu\u015facak.<\/strong><\/p>\n\n\n\n<p>Yar\u0131 final m\u00fcsabakalar\u0131 \u00e7ift ma\u00e7 eleme usul\u00fcne, di\u011fer turlar ise tek ma\u00e7 eleme usul\u00fcne g\u00f6re oynanacak.<\/p>\n\n\n\n<p>Ziraat T\u00fcrkiye Kupas\u0131\u2019nda, \u00f6nceki g\u00fcn oynanan ma\u00e7lar\u0131n ard\u0131ndan \u00e7eyrek finale y\u00fckselen son tak\u0131m da belli oldu. T\u00fcrkiye Futbol Federasyonu (TFF) ise yapt\u0131\u011f\u0131 a\u00e7\u0131klamada, organizasyonun yeni sezondan itibaren format\u0131n\u0131n de\u011fi\u015fece\u011fini duyurdu.<\/p>\n\n\n\n<p>TFF y\u00f6netimi, kupan\u0131n 2026-27 sezonundan itibaren eleme usul\u00fcne g\u00f6re oynanmas\u0131na karar verdi. Buna g\u00f6re; T\u00fcrkiye Kupas\u0131, 5 eleme turu, son 16 turu, \u00e7eyrek final, yar\u0131 final ve final a\u015famalar\u0131ndan olu\u015facak. Yar\u0131 final ma\u00e7lar\u0131 \u00e7ift ma\u00e7 eleme usul\u00fcne, di\u011fer turlar ise tek ma\u00e7 eleme usul\u00fcne g\u00f6re oynanacak. Eleme turlar\u0131 ve final a\u015famas\u0131, toplam 10 kupa haftas\u0131nda tamamlanacak.<\/p>\n\n\n\n<p>Bu karar ile birlikte T\u00fcrkiye Kupas\u0131\u2019n\u0131n format\u0131 son 2 y\u0131lda 3. kez, son 21 y\u0131lda ise 7. kez de\u011fi\u015fmi\u015f oldu.<\/p>\n\n\n\n<p><strong>T\u00fcrkiye Kupas\u0131\u2019nda Grup ve Eleme Sisteminin Tarih\u00e7esi:<\/strong><\/p>\n\n\n\n<ul class=\"wp-block-list\">\n<li>2000\u20132005: Bu d\u00f6nemde kupa, tek ma\u00e7 eleme usul\u00fc ile oynan\u0131yordu. Beraberlik halinde 30\u2019ar dakikal\u0131k uzatmave gerekirse penalt\u0131 at\u0131\u015flar\u0131 ile sonu\u00e7 belirleniyordu. Alt lig tak\u0131mlar\u0131 i\u00e7in s\u00fcrpriz galibiyetler m\u00fcmk\u00fcn olabiliyordu.<\/li>\n\n\n\n<li>2005\u20132006: Bu sezondan itibaren grup a\u015famas\u0131 getirildi. \u00d6n elemeleri ge\u00e7en tak\u0131mlar, 5\u2019erli 4 gruba ayr\u0131ld\u0131; her tak\u0131m 2 i\u00e7 saha, 2 deplasman ma\u00e7\u0131 oynad\u0131. Gruplar\u0131 ilk iki s\u0131rada bitiren 8 tak\u0131m \u00e7eyrek finale y\u00fckseldi. \u00c7eyrek ve yar\u0131 finaller ise \u00e7ift ma\u00e7 eleme usul\u00fc ile oynand\u0131.<\/li>\n\n\n\n<li>2011\u20132012: Ligdeki S\u00fcper Final\u2019in etkisiyle grup a\u015famas\u0131 tamamen kald\u0131r\u0131ld\u0131. \u00c7eyrek ve yar\u0131 finaller dahil t\u00fcm turlar tek ma\u00e7 eleme usul\u00fc ile tarafs\u0131z sahada oynand\u0131. Turnuva olduk\u00e7a k\u0131sa s\u00fcrd\u00fc.<\/li>\n\n\n\n<li>2012\u20132013: Grup sistemi daha kapsaml\u0131 \u015fekilde geri getirildi. Tak\u0131mlar 4\u2019erli 8 gruba ayr\u0131ld\u0131 ve ma\u00e7lar \u00e7ift devreli lig usul\u00fc ile oynand\u0131. Bu durum, b\u00fcy\u00fck tak\u0131mlar\u0131n rotasyon yapmas\u0131na ve kupaya olan ilginin azalmas\u0131na neden oldu\u011fu i\u00e7in ele\u015ftirildi.<\/li>\n<\/ul>\n\n\n\n<p><strong>T\u00fcrkiye Kupas\u0131\u2019nda Son Y\u0131llardaki Sistem De\u011fi\u015fiklikleri \u2013 Kupaya De\u011fer Katma \u00c7abalar\u0131:<\/strong><\/p>\n\n\n\n<ul class=\"wp-block-list\">\n<li>2017\u20132018: Gruplar\u0131n takvimi \u00e7ok s\u0131k\u0131\u015ft\u0131rmas\u0131 nedeniyle TFF, yeniden eleme sistemine d\u00f6nme karar\u0131 ald\u0131. Son 16 turuna kadar tek ma\u00e7, \u00e7eyrek ve yar\u0131 finaller ise \u00e7ift ma\u00e7 eleme usul\u00fc ile oynand\u0131.<\/li>\n\n\n\n<li>2024\u20132025: T\u00fcrkiye Kupas\u0131\u2019n\u0131n de\u011ferini art\u0131rmak amac\u0131yla, **\u015eampiyonlar Ligi\u2019nde de uygulanan \u2018Swiss Sistem\u2019**e ge\u00e7ildi. Eleme ve final a\u015famalar\u0131 tek ma\u00e7 eleme usul\u00fc ile oynan\u0131rken, 6 tak\u0131ml\u0131 4 grupta her ekip 3\u2019er ma\u00e7 yapt\u0131.<\/li>\n\n\n\n<li>2025\u20132026: \u00d6nceki sezon uygulanan sistem, 8\u2019er tak\u0131ml\u0131 3 grup olarak revize edildi. Her gruptaki tak\u0131mlar, 2 i\u00e7eride 2 d\u0131\u015far\u0131da olmak \u00fczere 4 ma\u00e7 oynad\u0131.<\/li>\n\n\n\n<li>2026\u20132027: 8 Mart 2026\u2019da al\u0131nan karar ile, yeni sezondan itibaren eleme usul\u00fcne ge\u00e7ilece\u011fi duyuruldu. Yar\u0131 final \u00e7ift ma\u00e7 eleme, di\u011fer turlar ise tek ma\u00e7 eleme usul\u00fc ile oynanacak.<\/li>\n<\/ul>\n\n\n\n<p>Kaynak<a href=\"https:\/\/www.hurriyet.com.tr\/sporarena\/kupa-21-yilda-7-kez-degisti-43122965\">:https:\/\/www.hurriyet.com.tr\/sporarena\/kupa-21-yilda-7-kez-degisti-43122965<\/a><\/p>\n","protected":false},"excerpt":{"rendered":"<p>by&nbsp;rabia kunarciMart 7, 202601PAYLA\u015e0 2024-25 sezonundan itibaren uygulanan ve ge\u00e7en y\u0131l revize edilen \u2018Swiss Sistem\u2019 uygulamas\u0131na son verildi. Al\u0131nan karar do\u011frultusunda, \u00f6n\u00fcm\u00fczdeki sezon T\u00fcrkiye Kupas\u0131; 5 eleme turu, son 16 turu, \u00e7eyrek final, yar\u0131 final ve final a\u015famalar\u0131ndan olu\u015facak. Yar\u0131 final m\u00fcsabakalar\u0131 \u00e7ift ma\u00e7 eleme usul\u00fcne, di\u011fer turlar ise tek ma\u00e7 eleme usul\u00fcne g\u00f6re oynanacak. [&hellip;]<\/p>\n","protected":false},"author":4,"featured_media":1629,"comment_status":"open","ping_status":"open","sticky":false,"template":"","format":"standard","meta":{"_jetpack_memberships_contains_paid_content":false,"footnotes":""},"categories":[6],"tags":[],"class_list":["post-1628","post","type-post","status-publish","format-standard","has-post-thumbnail","hentry","category-spor"],"jetpack_featured_media_url":"https:\/\/gundexia.com\/wp-content\/uploads\/2026\/03\/IMG_1139.webp","jetpack_sharing_enabled":true,"_links":{"self":[{"href":"https:\/\/gundexia.com\/index.php?rest_route=\/wp\/v2\/posts\/1628","targetHints":{"allow":["GET"]}}],"collection":[{"href":"https:\/\/gundexia.com\/index.php?rest_route=\/wp\/v2\/posts"}],"about":[{"href":"https:\/\/gundexia.com\/index.php?rest_route=\/wp\/v2\/types\/post"}],"author":[{"embeddable":true,"href":"https:\/\/gundexia.com\/index.php?rest_route=\/wp\/v2\/users\/4"}],"replies":[{"embeddable":true,"href":"https:\/\/gundexia.com\/index.php?rest_route=%2Fwp%2Fv2%2Fcomments&post=1628"}],"version-history":[{"count":1,"href":"https:\/\/gundexia.com\/index.php?rest_route=\/wp\/v2\/posts\/1628\/revisions"}],"predecessor-version":[{"id":1630,"href":"https:\/\/gundexia.com\/index.php?rest_route=\/wp\/v2\/posts\/1628\/revisions\/1630"}],"wp:featuredmedia":[{"embeddable":true,"href":"https:\/\/gundexia.com\/index.php?rest_route=\/wp\/v2\/media\/1629"}],"wp:attachment":[{"href":"https:\/\/gundexia.com\/index.php?rest_route=%2Fwp%2Fv2%2Fmedia&parent=1628"}],"wp:term":[{"taxonomy":"category","embeddable":true,"href":"https:\/\/gundexia.com\/index.php?rest_route=%2Fwp%2Fv2%2Fcategories&post=1628"},{"taxonomy":"post_tag","embeddable":true,"href":"https:\/\/gundexia.com\/index.php?rest_route=%2Fwp%2Fv2%2Ftags&post=1628"}],"curies":[{"name":"wp","href":"https:\/\/api.w.org\/{rel}","templated":true}]}}