{"id":1619,"date":"2026-03-07T19:57:25","date_gmt":"2026-03-07T16:57:25","guid":{"rendered":"https:\/\/gundexia.com\/?p=1619"},"modified":"2026-03-07T19:57:27","modified_gmt":"2026-03-07T16:57:27","slug":"hangi-mac-saat-kacta-hangi-kanalda-7-mart-2026","status":"publish","type":"post","link":"https:\/\/gundexia.com\/?p=1619","title":{"rendered":"Hangi ma\u00e7, saat ka\u00e7ta, hangi kanalda | 7 Mart 2026"},"content":{"rendered":"\n<h2 class=\"wp-block-heading\">Bug\u00fcn Be\u015fikta\u015f-Galatasaray derbisinden FA Cup\u2019taki Newcastle-City randevusuna, Sultanlar Ligi\u2019nden Basketbol S\u00fcper Ligi\u2019ne kadar onlarca kritik m\u00fcsabaka sporseverlerle bulu\u015fuyor.<\/h2>\n\n\n\n<p><a href=\"https:\/\/www.vanhaber.tr\/muhabir\/59\/ercan-dag\" target=\"_blank\" rel=\"noreferrer noopener\"><\/a><\/p>\n\n\n\n<p><a href=\"https:\/\/www.vanhaber.tr\/muhabir\/59\/ercan-dag\" target=\"_blank\" rel=\"noreferrer noopener\">ERCAN DA\u011e<\/a><\/p>\n\n\n\n<p><a href=\"https:\/\/www.vanhaber.tr\/muhabir\/59\/ercan-dag\" target=\"_blank\" rel=\"noreferrer noopener\">ED\u0130T\u00d6R<\/a><\/p>\n\n\n\n<p>07.03.2026 &#8211; 11:28YAYINLANMA<\/p>\n\n\n\n<p><strong>1<\/strong>PAYLA\u015eIM<\/p>\n\n\n\n<figure class=\"wp-block-image\"><img decoding=\"async\" src=\"https:\/\/vanhabertr.teimg.com\/crop\/1280x720\/vanhaber-tr\/uploads\/2026\/03\/spor-ekrani.jpg\" alt=\"Hangi ma\u00e7, saat ka\u00e7ta, hangi kanalda | 7 Mart 2026\"\/><\/figure>\n\n\n\n<p><a href=\"https:\/\/vanhabertr.teimg.com\/crop\/1280x720\/vanhaber-tr\/uploads\/2026\/03\/spor-ekrani.jpg\"><\/a><\/p>\n\n\n\n<p><a href=\"https:\/\/vanhabertr.teimg.com\/crop\/1280x720\/vanhaber-tr\/uploads\/2026\/03\/spor-ekrani.jpg\"><\/a><\/p>\n\n\n\n<p><a href=\"https:\/\/www.facebook.com\/sharer\/sharer.php?u=https%3A%2F%2Fwww.vanhaber.tr%2Fhangi-mac-saat-kacta-hangi-kanalda-7-mart-2026\"><\/a><a href=\"https:\/\/x.com\/intent\/tweet?url=https%3A%2F%2Fwww.vanhaber.tr%2Fhangi-mac-saat-kacta-hangi-kanalda-7-mart-2026&amp;text=Hangi+ma%C3%A7%2C+saat+ka%C3%A7ta%2C+hangi+kanalda+%7C+7+Mart+2026\"><\/a><a href=\"https:\/\/api.whatsapp.com\/send?text=Hangi+ma%C3%A7%2C+saat+ka%C3%A7ta%2C+hangi+kanalda+%7C+7+Mart+2026+-+https%3A%2F%2Fwww.vanhaber.tr%2Fhangi-mac-saat-kacta-hangi-kanalda-7-mart-2026\"><\/a><\/p>\n\n\n\n<p>7 Mart Cumartesi g\u00fcn\u00fc, spor d\u00fcnyas\u0131n\u0131n t\u00fcm renklerini ekranlara ta\u015f\u0131yor. S\u00fcper Lig\u2019de \u015fampiyonluk yar\u0131\u015f\u0131n\u0131 ve prestiji yak\u0131ndan ilgilendiren dev derbi ak\u015fam saat 20.00\u2019de nefesleri kesecek. Ayn\u0131 saatlerde voleybolda Galatasaray Daikin ile Eczac\u0131ba\u015f\u0131\u2019n\u0131n Sultanlar Ligi m\u00fccadelesi ve Trendyol 1. Lig\u2019de Amedspor\u2019un kritik randevusu e\u015f zamanl\u0131 olarak heyecan\u0131 zirveye ta\u015f\u0131yacak. Avrupa\u2019n\u0131n be\u015f b\u00fcy\u00fck liginde ise \u015fampiyonluk ve kupa m\u00fccadelesi veren dev tak\u0131mlar sahaya \u00e7\u0131k\u0131yor.<\/p>\n\n\n\n<p><strong>T\u00fcrkiye\u2019de g\u00fcn\u00fcn program\u0131: Futbol, Basketbol ve Voleybol<\/strong><\/p>\n\n\n\n<p>T\u00fcrkiye liglerinde bug\u00fcn hem S\u00fcper Lig hem de alt liglerde kritik e\u015fikler a\u015f\u0131l\u0131yor. Potada ve filedeki dev randevular da g\u00fcn\u00fcn program\u0131nda geni\u015f yer buluyor:<\/p>\n\n\n\n<ul class=\"wp-block-list\">\n<li><strong>S\u00fcper Lig:<\/strong>\u00a016.00 Ba\u015fak\u015fehir &#8211; G\u00f6ztepe (beIN Sports 2),\u00a0<strong>20.00 Be\u015fikta\u015f &#8211; Galatasaray<\/strong>\u00a0(beIN Sports 1).<\/li>\n\n\n\n<li><strong>Trendyol 1. Lig:<\/strong>\u00a013.30 Erzurumspor &#8211; Manisa FK (TRT Spor), 13.30 Sivasspor &#8211; Ke\u00e7i\u00f6reng\u00fcc\u00fc (tabii Spor), 16.00 \u00c7orum FK &#8211; Hatayspor (TRT Spor), 16.00 Band\u0131rmaspor &#8211; \u0130stanbulspor (tabii Spor 6),\u00a0<strong>20.00 Amedspor &#8211; Serik Bld<\/strong>\u00a0(TRT Spor).<\/li>\n\n\n\n<li><strong>Voleybol (Sultanlar Ligi):<\/strong>\u00a013.00 Kuzeyboru &#8211; Zerenspor (TRT Spor Y\u0131ld\u0131z),\u00a0<strong>20.00 Galatasaray Daikin &#8211; Eczac\u0131ba\u015f\u0131<\/strong>\u00a0(TRT Spor Y\u0131ld\u0131z).<\/li>\n\n\n\n<li><strong>Basketbol S\u00fcper Ligi:<\/strong>\u00a013.00 Galatasaray MCT &#8211; T\u00fcrk Telekom (beIN Sports 5), 15.30 Petkimspor &#8211; B\u00fcy\u00fck\u00e7ekmece (beIN Sports 5), 18.00 Bah\u00e7e\u015fehir Koleji &#8211; Bursaspor (beIN Sports 5).<\/li>\n<\/ul>\n\n\n\n<p><strong>Avrupa\u2019n\u0131n devleri sahada: \u0130ngiltere, \u0130spanya, \u0130talya ve Almanya<\/strong><\/p>\n\n\n\n<p>Avrupa futbolunda bug\u00fcn tam bir &#8220;S\u00fcper Cumartesi&#8221; ya\u015fan\u0131yor. FA Cup\u2019ta tur m\u00fccadelesi s\u00fcrerken, liglerde zirve yar\u0131\u015f\u0131 k\u0131z\u0131\u015f\u0131yor:<\/p>\n\n\n\n<p><a href=\"https:\/\/www.vanhaber.tr\/super-ligde-dev-derbi-heyecani-iste-25haftanin-detaylari\" target=\"_blank\" rel=\"noreferrer noopener\"><\/a><\/p>\n\n\n\n<figure class=\"wp-block-image\"><a class=\"d-block bg-danger text-light my-3 p-1\" href=\"https:\/\/www.vanhaber.tr\/super-ligde-dev-derbi-heyecani-iste-25haftanin-detaylari\" target=\"_blank\" rel=\"noreferrer noopener\"><img decoding=\"async\" src=\"https:\/\/vanhabertr.teimg.com\/crop\/250x150\/vanhaber-tr\/uploads\/2026\/03\/superlig-1.webp\" alt=\"S\u00fcper Lig'de dev derbi heyecan\u0131! \u0130\u015fte 25.haftan\u0131n detaylar\u0131\u2026\"\/><\/a><\/figure>\n\n\n\n<p><a href=\"https:\/\/www.vanhaber.tr\/super-ligde-dev-derbi-heyecani-iste-25haftanin-detaylari\" target=\"_blank\" rel=\"noreferrer noopener\">S\u00fcper Lig&#8217;de dev derbi heyecan\u0131! \u0130\u015fte 25.haftan\u0131n detaylar\u0131\u2026<\/a><\/p>\n\n\n\n<ul class=\"wp-block-list\">\n<li><strong>\u0130ngiltere (FA Cup):<\/strong>\u00a015.15 Mansfield &#8211; Arsenal, 20.45 Wrexham &#8211; Chelsea,\u00a0<strong>23.00 Newcastle United &#8211; Manchester City<\/strong>\u00a0(T\u00fcm\u00fc tabii Spor).<\/li>\n\n\n\n<li><strong>\u0130spanya (La Liga):<\/strong>\u00a016.00 Osasuna &#8211; Mallorca, 18.15 Levante &#8211; Girona, 20.30 Atletico Madrid &#8211; Real Sociedad,\u00a0<strong>23.00 Athletic Bilbao &#8211; Barcelona<\/strong>(T\u00fcm\u00fc S Sport).<\/li>\n\n\n\n<li><strong>Almanya (Bundesliga):<\/strong>\u00a017.30 Freiburg &#8211; Leverkusen, Heidenheim &#8211; Hoffenheim, Mainz &#8211; Stuttgart, Leipzig &#8211; Augsburg ve Wolfsburg &#8211; Hamburg ma\u00e7lar\u0131 (S Sport \/ tivibu Spor), 20.30 K\u00f6ln &#8211; Dortmund (tivibu Spor 2).<\/li>\n\n\n\n<li><strong>\u0130talya (Serie A):<\/strong>\u00a017.00 Cagliari &#8211; Como, 20.00 Atalanta &#8211; Udinese, 22.45 Juventus &#8211; Pisa (T\u00fcm\u00fc tivibu Spor 1 \/ S Sport).<\/li>\n<\/ul>\n\n\n\n<p><strong>Di\u011fer liglerden \u00f6ne \u00e7\u0131kanlar<\/strong><\/p>\n\n\n\n<p>G\u00fcn\u00fcn geri kalan\u0131nda ise Fransa, Hollanda ve Portekiz liglerinden \u00f6nemli kar\u015f\u0131la\u015fmalar ekranlara gelecek. Fransa Ligue 1&#8217;de saat 19.00&#8217;da Nantes &#8211; Angers, 21.00&#8217;de Auxerre &#8211; Strasbourg ve 23.05&#8217;te Toulouse &#8211; Marsilya (beIN Sports 3) ma\u00e7lar\u0131 izlenebilir. Hollanda Eredivisie&#8217;de 18.30&#8217;da Groningen &#8211; Ajax ve 22.00&#8217;de PSV &#8211; AZ Alkmaar (tivibu Spor 4) heyecan\u0131 ya\u015fan\u0131rken, Portekiz&#8217;de 21.00&#8217;de Braga &#8211; Sporting Lizbon (tivibu Spor 3) m\u00fccadelesi ekranlarda olacak. Bundesliga 2&#8217;de ise 15.00 seans\u0131nda Darmstadt, N\u00fcrnberg ve Paderborn ma\u00e7lar\u0131yla ba\u015flayan maraton, 22.30&#8217;da Bochum &#8211; Kaiserslautern ma\u00e7\u0131yla tamamlanacak.<\/p>\n\n\n\n<p><a href=\"https:\/\/www.vanhaber.tr\/hangi-mac-saat-kacta-hangi-kanalda-7-mart-2026\">https:\/\/www.vanhaber.tr\/hangi-mac-saat-kacta-hangi-kanalda-7-mart-2026<\/a><\/p>\n","protected":false},"excerpt":{"rendered":"<p>Bug\u00fcn Be\u015fikta\u015f-Galatasaray derbisinden FA Cup\u2019taki Newcastle-City randevusuna, Sultanlar Ligi\u2019nden Basketbol S\u00fcper Ligi\u2019ne kadar onlarca kritik m\u00fcsabaka sporseverlerle bulu\u015fuyor. ERCAN DA\u011e ED\u0130T\u00d6R 07.03.2026 &#8211; 11:28YAYINLANMA 1PAYLA\u015eIM 7 Mart Cumartesi g\u00fcn\u00fc, spor d\u00fcnyas\u0131n\u0131n t\u00fcm renklerini ekranlara ta\u015f\u0131yor. S\u00fcper Lig\u2019de \u015fampiyonluk yar\u0131\u015f\u0131n\u0131 ve prestiji yak\u0131ndan ilgilendiren dev derbi ak\u015fam saat 20.00\u2019de nefesleri kesecek. Ayn\u0131 saatlerde voleybolda Galatasaray Daikin [&hellip;]<\/p>\n","protected":false},"author":4,"featured_media":1622,"comment_status":"open","ping_status":"open","sticky":false,"template":"","format":"standard","meta":{"_jetpack_memberships_contains_paid_content":false,"footnotes":""},"categories":[6],"tags":[],"class_list":["post-1619","post","type-post","status-publish","format-standard","has-post-thumbnail","hentry","category-spor"],"jetpack_featured_media_url":"https:\/\/gundexia.com\/wp-content\/uploads\/2026\/03\/IMG_1137.webp","jetpack_sharing_enabled":true,"_links":{"self":[{"href":"https:\/\/gundexia.com\/index.php?rest_route=\/wp\/v2\/posts\/1619","targetHints":{"allow":["GET"]}}],"collection":[{"href":"https:\/\/gundexia.com\/index.php?rest_route=\/wp\/v2\/posts"}],"about":[{"href":"https:\/\/gundexia.com\/index.php?rest_route=\/wp\/v2\/types\/post"}],"author":[{"embeddable":true,"href":"https:\/\/gundexia.com\/index.php?rest_route=\/wp\/v2\/users\/4"}],"replies":[{"embeddable":true,"href":"https:\/\/gundexia.com\/index.php?rest_route=%2Fwp%2Fv2%2Fcomments&post=1619"}],"version-history":[{"count":1,"href":"https:\/\/gundexia.com\/index.php?rest_route=\/wp\/v2\/posts\/1619\/revisions"}],"predecessor-version":[{"id":1623,"href":"https:\/\/gundexia.com\/index.php?rest_route=\/wp\/v2\/posts\/1619\/revisions\/1623"}],"wp:featuredmedia":[{"embeddable":true,"href":"https:\/\/gundexia.com\/index.php?rest_route=\/wp\/v2\/media\/1622"}],"wp:attachment":[{"href":"https:\/\/gundexia.com\/index.php?rest_route=%2Fwp%2Fv2%2Fmedia&parent=1619"}],"wp:term":[{"taxonomy":"category","embeddable":true,"href":"https:\/\/gundexia.com\/index.php?rest_route=%2Fwp%2Fv2%2Fcategories&post=1619"},{"taxonomy":"post_tag","embeddable":true,"href":"https:\/\/gundexia.com\/index.php?rest_route=%2Fwp%2Fv2%2Ftags&post=1619"}],"curies":[{"name":"wp","href":"https:\/\/api.w.org\/{rel}","templated":true}]}}