{"id":1486,"date":"2026-03-06T14:23:51","date_gmt":"2026-03-06T14:23:51","guid":{"rendered":"https:\/\/gundexia.com\/?p=1486"},"modified":"2026-03-06T14:24:36","modified_gmt":"2026-03-06T14:24:36","slug":"sbx-world-cup-2026-snowboard-dunya-kupasi-erzurumda-basliyor","status":"publish","type":"post","link":"https:\/\/gundexia.com\/?p=1486","title":{"rendered":"SBX World Cup 2026 Snowboard D\u00fcnya Kupas\u0131 Erzurum\u2019da ba\u015fl\u0131yor"},"content":{"rendered":"\n<p><img loading=\"lazy\" decoding=\"async\" alt=\"Haberton\" src=\"https:\/\/haberton.com\/wp-content\/uploads\/2025\/02\/cropped-Haberton-Favicon-80x80.png.webp\" height=\"80\" width=\"80\" srcset=\"https:\/\/haberton.com\/wp-content\/uploads\/2025\/02\/cropped-Haberton-Favicon-160x160.png.webp 2x\">&#8211;<a href=\"https:\/\/haberton.com\/yazar\/haberton\/\">Haberton<\/a><\/p>\n\n\n\n<p>\u00a0<a href=\"https:\/\/haberton.com\/sbx-world-cup-2026-snowboard-dunya-kupasi-erzurumda-basliyor\/\">6 Mart 2026<\/a><\/p>\n\n\n\n<p>&#8211;&nbsp;<a href=\"https:\/\/haberton.com\/haberler\/spor-haberleri\/\">Spor Haberleri<\/a><\/p>\n\n\n\n<p>Okuma S\u00fcresi:2 dakikal\u0131k okuma<\/p>\n\n\n\n<p><a href=\"https:\/\/haberton.com\/sbx-world-cup-2026-snowboard-dunya-kupasi-erzurumda-basliyor\/#respond\">&nbsp;0<\/a><\/p>\n\n\n\n<figure class=\"wp-block-image\"><img decoding=\"async\" src=\"https:\/\/haberton.com\/wp-content\/uploads\/2026\/03\/dha-816351-1772735893-750x500.jpg.webp\" alt=\"Sbx world cup 2026 snowboard d\u00fcnya kupas\u0131 erzurum\u2019da ba\u015fl\u0131yor\" title=\"Sbx world cup 2026 snowboard d\u00fcnya kupas\u0131 erzurum\u2019da ba\u015fl\u0131yor - haberton\"\/><\/figure>\n\n\n\n<p>SBX World Cup 2026 Snowboard D\u00fcnya Kupas\u0131 Erzurum\u2019da ba\u015fl\u0131yor<\/p>\n\n\n\n<p><a href=\"https:\/\/www.facebook.com\/sharer.php?u=https%3A%2F%2Fhaberton.com%2Fsbx-world-cup-2026-snowboard-dunya-kupasi-erzurumda-basliyor%2F\"><strong>Facebook&#8217;da Payla\u015f<\/strong><\/a><a href=\"https:\/\/twitter.com\/intent\/tweet?text=SBX%20World%20Cup%202026%20Snowboard%20D%C3%BCnya%20Kupas%C4%B1%20Erzurum%E2%80%99da%20ba%C5%9Fl%C4%B1yor%20via%20%40haberton_com&amp;url=https%3A%2F%2Fhaberton.com%2Fsbx-world-cup-2026-snowboard-dunya-kupasi-erzurumda-basliyor%2F\"><em><\/em><strong>X&#8217;de Payla\u015f<\/strong><\/a><a href=\"https:\/\/www.linkedin.com\/shareArticle?url=https%3A%2F%2Fhaberton.com%2Fsbx-world-cup-2026-snowboard-dunya-kupasi-erzurumda-basliyor%2F&amp;title=SBX%20World%20Cup%202026%20Snowboard%20D%C3%BCnya%20Kupas%C4%B1%20Erzurum%E2%80%99da%20ba%C5%9Fl%C4%B1yor\"><strong>Linkedin&#8217;de Payla\u015f<\/strong><\/a><a href=\"https:\/\/api.whatsapp.com\/send?text=SBX%20World%20Cup%202026%20Snowboard%20D%C3%BCnya%20Kupas%C4%B1%20Erzurum%E2%80%99da%20ba%C5%9Fl%C4%B1yor%0Ahttps%3A%2F%2Fhaberton.com%2Fsbx-world-cup-2026-snowboard-dunya-kupasi-erzurumda-basliyor%2F\"><strong>Whatsapp&#8217;da Payla\u015f<\/strong><\/a><a href=\"https:\/\/haberton.com\/sbx-world-cup-2026-snowboard-dunya-kupasi-erzurumda-basliyor\/?utm_source=chatgpt.com#\"><\/a><\/p>\n\n\n\n<h2 class=\"wp-block-heading\">Sbx World Cup 2026 Snowboard D\u00fcnya Kupas\u0131\u2019na k\u0131\u015f sporlar\u0131 merkezi Paland\u00f6ken Kayak Merkezi ev sahipli\u011fi yapacak.<\/h2>\n\n\n\n<p>Paland\u00f6ken Kayak Merkezi\u2019nde 6-8 Mart tarihleri aras\u0131nda yap\u0131lacak \u015fampiyona \u00f6ncesi bas\u0131n toplant\u0131s\u0131 d\u00fczenlendi. Ayd\u0131n Baru\u015f, Mehmet Sekmen, S\u00fcleyman \u015eahin, Uwe Beier, Levent \u00c7akmur, Zafer Aynal\u0131 ve Selim Ba\u011fr\u0131yan\u0131k, \u015fampiyona hakk\u0131nda bilgi verdi.<\/p>\n\n\n\n<p>Erzurum\u2019un d\u00fcnya standartlar\u0131ndaki tesisleriyle k\u0131\u015f sporlar\u0131n\u0131n parlayan y\u0131ld\u0131z\u0131 durumuna geldi\u011fini ifade eden Vali Ayd\u0131n Baru\u015f, \u201cBug\u00fcn 15 farkl\u0131 \u00fclkeden gelen sporcular\u0131m\u0131z ve 300 ki\u015filik teknik ekibimizle bu iddial\u0131 konumumuzu bir kez daha t\u00fcm d\u00fcnyaya kan\u0131tl\u0131yoruz. Paland\u00f6ken\u2019in heyecan verici pistleri, en yetenekli snowboard sporcular\u0131n\u0131n m\u00fccadelesine sahne olacak. Bu maraton, 8 Mart\u2019taki b\u00fcy\u00fck finale kadar sadece bir yar\u0131\u015f de\u011fil Erzurum\u2019un misafirperverli\u011fini ve T\u00fcrkiye\u2019nin organizasyon g\u00fcc\u00fcn\u00fc d\u00fcnyaya duyuran bir vitrin olacakt\u0131r\u201d dedi.<\/p>\n\n\n\n<h3 class=\"wp-block-heading\">K\u0131\u015f Sporlar\u0131ndaki Potansiyel<\/h3>\n\n\n\n<p>Paland\u00f6ken\u2019de ger\u00e7ekle\u015ftirilecek organizasyonun Erzurum\u2019un uluslararas\u0131 spor arenas\u0131ndaki g\u00fc\u00e7l\u00fc konumunu bir kez daha ortaya koyaca\u011f\u0131n\u0131 belirten B\u00fcy\u00fck\u015fehir Belediye Ba\u015fkan\u0131 Mehmet Sekmen, \u201cBu organizasyon yaln\u0131zca bir yar\u0131\u015fma de\u011fildir. Bu organizasyon; Erzurum\u2019un, T\u00fcrkiye\u2019nin ve k\u0131\u015f sporlar\u0131 alan\u0131ndaki potansiyelimizin d\u00fcnyaya g\u00f6sterildi\u011fi b\u00fcy\u00fck bir vitrin niteli\u011findedir. Paland\u00f6ken\u2019in e\u015fsiz do\u011fas\u0131, g\u00fc\u00e7l\u00fc altyap\u0131s\u0131 ve uluslararas\u0131 standartlara sahip pistleri sayesinde d\u00fcnyan\u0131n d\u00f6rt bir yan\u0131ndan sporcular Erzurum\u2019da bulu\u015fmaktad\u0131r. Sbx World Cup organizasyonunda 15 farkl\u0131 \u00fclkeden gelen yakla\u015f\u0131k 300 ki\u015filik uluslararas\u0131 kat\u0131l\u0131mc\u0131y\u0131 \u015fehrimizde a\u011f\u0131rl\u0131yoruz. Sporcular, teknik ekipler, antren\u00f6rler ve organizasyon ekiplerinden olu\u015fan bu geni\u015f kat\u0131l\u0131m, Erzurum\u2019un uluslararas\u0131 spor d\u00fcnyas\u0131ndaki yerini bir kez daha g\u00fc\u00e7lendirmektedir\u201d diye konu\u015ftu.<\/p>\n\n\n\n<p>Sekmen, \u015fampiyonaya \u0130svi\u00e7re, Avusturya, Almanya, Fransa, Amerika Birle\u015fik Devletleri, Birle\u015fik Krall\u0131k, Hollanda, Japonya, \u00c7in, Rusya, Macaristan, \u00c7ekya, \u0130spanya, Brezilya ve Avustralya gibi d\u00fcnyan\u0131n farkl\u0131 k\u0131talar\u0131ndan bir\u00e7ok \u00fclkenin kat\u0131laca\u011f\u0131n\u0131 belirtti.<\/p>\n\n\n\n<p>Uluslararas\u0131 alandaki en prestijli spor organizasyonlar\u0131ndan birinin Erzurum\u2019da yap\u0131ld\u0131\u011f\u0131n\u0131 ifade eden T\u00fcrkiye Kayak Federasyonu Ba\u015fkan\u0131 S\u00fcleyman \u015eahin, organizasyonun d\u00fcnyada snowboard ailesi taraf\u0131ndan yak\u0131ndan takip edildi\u011fini s\u00f6yledi. \u015eampiyonan\u0131n Erzurum\u2019da ikinci kez d\u00fczenlendi\u011fi bilgisini veren \u015eahin, gelecek y\u0131l b\u00fcy\u00fck\u015fehir belediyesiyle 3 y\u0131ll\u0131k protokol imzalayacaklar\u0131n\u0131 kaydetti.<\/p>\n\n\n\n<p>Yar\u0131\u015f Direkt\u00f6r\u00fc Uwe Beier, Erzurum\u2019un yar\u0131\u015fmaya ikinci kez ev sahipli\u011fi yapaca\u011f\u0131n\u0131 belirtti. Beier, organizasyona destek verenlere te\u015fekk\u00fcr etti.<\/p>\n\n\n\n<figure class=\"wp-block-embed is-type-wp-embed is-provider-haberton wp-block-embed-haberton\"><div class=\"wp-block-embed__wrapper\">\n<blockquote class=\"wp-embedded-content\" data-secret=\"UHQg6eJPid\"><a href=\"https:\/\/haberton.com\/sbx-world-cup-2026-snowboard-dunya-kupasi-erzurumda-basliyor\/\">SBX World Cup 2026 Snowboard D\u00fcnya Kupas\u0131 Erzurum\u2019da ba\u015fl\u0131yor<\/a><\/blockquote><iframe loading=\"lazy\" class=\"wp-embedded-content\" sandbox=\"allow-scripts\" security=\"restricted\" style=\"position: absolute; visibility: hidden;\" title=\"&#8220;SBX World Cup 2026 Snowboard D\u00fcnya Kupas\u0131 Erzurum\u2019da ba\u015fl\u0131yor&#8221; &#8212; Haberton\" src=\"https:\/\/haberton.com\/sbx-world-cup-2026-snowboard-dunya-kupasi-erzurumda-basliyor\/embed\/#?secret=jXoIFxdzjA#?secret=UHQg6eJPid\" data-secret=\"UHQg6eJPid\" width=\"600\" height=\"338\" frameborder=\"0\" marginwidth=\"0\" marginheight=\"0\" scrolling=\"no\"><\/iframe>\n<\/div><\/figure>\n","protected":false},"excerpt":{"rendered":"<p>&#8211;Haberton \u00a06 Mart 2026 &#8211;&nbsp;Spor Haberleri Okuma S\u00fcresi:2 dakikal\u0131k okuma &nbsp;0 SBX World Cup 2026 Snowboard D\u00fcnya Kupas\u0131 Erzurum\u2019da ba\u015fl\u0131yor Facebook&#8217;da Payla\u015fX&#8217;de Payla\u015fLinkedin&#8217;de Payla\u015fWhatsapp&#8217;da Payla\u015f Sbx World Cup 2026 Snowboard D\u00fcnya Kupas\u0131\u2019na k\u0131\u015f sporlar\u0131 merkezi Paland\u00f6ken Kayak Merkezi ev sahipli\u011fi yapacak. Paland\u00f6ken Kayak Merkezi\u2019nde 6-8 Mart tarihleri aras\u0131nda yap\u0131lacak \u015fampiyona \u00f6ncesi bas\u0131n toplant\u0131s\u0131 d\u00fczenlendi. Ayd\u0131n [&hellip;]<\/p>\n","protected":false},"author":4,"featured_media":1487,"comment_status":"open","ping_status":"open","sticky":false,"template":"","format":"standard","meta":{"_jetpack_memberships_contains_paid_content":false,"footnotes":""},"categories":[6],"tags":[],"class_list":["post-1486","post","type-post","status-publish","format-standard","has-post-thumbnail","hentry","category-spor"],"jetpack_featured_media_url":"https:\/\/gundexia.com\/wp-content\/uploads\/2026\/03\/IMG_1127.webp","jetpack_sharing_enabled":true,"_links":{"self":[{"href":"https:\/\/gundexia.com\/index.php?rest_route=\/wp\/v2\/posts\/1486","targetHints":{"allow":["GET"]}}],"collection":[{"href":"https:\/\/gundexia.com\/index.php?rest_route=\/wp\/v2\/posts"}],"about":[{"href":"https:\/\/gundexia.com\/index.php?rest_route=\/wp\/v2\/types\/post"}],"author":[{"embeddable":true,"href":"https:\/\/gundexia.com\/index.php?rest_route=\/wp\/v2\/users\/4"}],"replies":[{"embeddable":true,"href":"https:\/\/gundexia.com\/index.php?rest_route=%2Fwp%2Fv2%2Fcomments&post=1486"}],"version-history":[{"count":2,"href":"https:\/\/gundexia.com\/index.php?rest_route=\/wp\/v2\/posts\/1486\/revisions"}],"predecessor-version":[{"id":1489,"href":"https:\/\/gundexia.com\/index.php?rest_route=\/wp\/v2\/posts\/1486\/revisions\/1489"}],"wp:featuredmedia":[{"embeddable":true,"href":"https:\/\/gundexia.com\/index.php?rest_route=\/wp\/v2\/media\/1487"}],"wp:attachment":[{"href":"https:\/\/gundexia.com\/index.php?rest_route=%2Fwp%2Fv2%2Fmedia&parent=1486"}],"wp:term":[{"taxonomy":"category","embeddable":true,"href":"https:\/\/gundexia.com\/index.php?rest_route=%2Fwp%2Fv2%2Fcategories&post=1486"},{"taxonomy":"post_tag","embeddable":true,"href":"https:\/\/gundexia.com\/index.php?rest_route=%2Fwp%2Fv2%2Ftags&post=1486"}],"curies":[{"name":"wp","href":"https:\/\/api.w.org\/{rel}","templated":true}]}}