{"id":1398,"date":"2026-03-05T15:57:34","date_gmt":"2026-03-05T15:57:34","guid":{"rendered":"https:\/\/gundexia.com\/?p=1398"},"modified":"2026-03-05T15:57:34","modified_gmt":"2026-03-05T15:57:34","slug":"cinin-buyume-hedefi-1991den-bu-yana-en-dusuk-seviyeye-indi","status":"publish","type":"post","link":"https:\/\/gundexia.com\/?p=1398","title":{"rendered":"\u00c7in\u2019in B\u00fcy\u00fcme Hedefi 1991\u2019den Bu Yana En D\u00fc\u015f\u00fck Seviyeye \u0130ndi"},"content":{"rendered":"\n<figure class=\"wp-block-gallery has-nested-images columns-default is-cropped wp-block-gallery-1 is-layout-flex wp-block-gallery-is-layout-flex\">\n<figure class=\"wp-block-image size-large\"><img loading=\"lazy\" decoding=\"async\" width=\"850\" height=\"478\" data-id=\"1399\" src=\"https:\/\/gundexia.com\/wp-content\/uploads\/2026\/03\/IMG_1114.png\" alt=\"\" class=\"wp-image-1399\" srcset=\"https:\/\/gundexia.com\/wp-content\/uploads\/2026\/03\/IMG_1114.png 850w, https:\/\/gundexia.com\/wp-content\/uploads\/2026\/03\/IMG_1114-300x169.png 300w, https:\/\/gundexia.com\/wp-content\/uploads\/2026\/03\/IMG_1114-768x432.png 768w\" sizes=\"auto, (max-width: 850px) 100vw, 850px\" \/><\/figure>\n<\/figure>\n\n\n\n<p>\u00c7in, y\u0131ll\u0131k ekonomik b\u00fcy\u00fcme hedefini&nbsp;<strong>y\u00fczde 4,5\u20135 aral\u0131\u011f\u0131na<\/strong>&nbsp;\u00e7ekti\u011fini a\u00e7\u0131klad\u0131. A\u00e7\u0131klanan oran, \u00fclkenin&nbsp;<strong>1991 y\u0131l\u0131ndan bu yana belirledi\u011fi en d\u00fc\u015f\u00fck b\u00fcy\u00fcme hedefi<\/strong>&nbsp;olarak kay\u0131tlara ge\u00e7ti.<\/p>\n\n\n\n<p>\u00c7in y\u00f6netimi, i\u00e7 ve d\u0131\u015f ekonomik zorluklar\u0131n etkisi alt\u0131nda b\u00fcy\u00fcme hedefini a\u015fa\u011f\u0131 y\u00f6nl\u00fc revize etti. Daha \u00f6nce 2023 y\u0131l\u0131nda hedef \u201cy\u00fczde 5 civar\u0131nda\u201d olarak belirlenmi\u015fti. 2020\u2019de ise COVID-19 salg\u0131n\u0131n\u0131n yaratt\u0131\u011f\u0131 belirsizlik nedeniyle resmi bir b\u00fcy\u00fcme hedefi a\u00e7\u0131klanmam\u0131\u015ft\u0131. Yeni hedef, Pekin\u2019de d\u00fczenlenen ve \u00fclkenin en \u00f6nemli siyasi toplant\u0131lar\u0131 aras\u0131nda g\u00f6sterilen \u201ciki oturum\u201d kapsam\u0131nda duyuruldu.<\/p>\n\n\n\n<p>Ekonomide zay\u0131f t\u00fcketim, n\u00fcfusun azalmas\u0131, devam eden emlak krizi ve k\u00fcresel ticaret gerilimleri gibi sorunlarla kar\u015f\u0131 kar\u015f\u0131ya olan Pekin y\u00f6netimi, ayn\u0131 zamanda b\u00f6lgesel \u00e7at\u0131\u015fmalar\u0131n yol a\u00e7t\u0131\u011f\u0131 enerji fiyatlar\u0131ndaki dalgalanmalarla da m\u00fccadele ediyor. Bu nedenle \u00c7in\u2019in ekonomik yap\u0131s\u0131n\u0131 yeniden \u015fekillendirmeye y\u00f6nelik ad\u0131mlar\u0131n g\u00fcndeme gelmesi bekleniyor.<\/p>\n\n\n\n<h3 class=\"wp-block-heading\">\u201c\u0130ki oturum\u201d toplant\u0131lar\u0131<\/h3>\n\n\n\n<p>\u201c\u0130ki oturum\u201d olarak adland\u0131r\u0131lan s\u00fcre\u00e7, \u00c7in\u2019de her y\u0131l d\u00fczenlenen iki \u00f6nemli siyasi toplant\u0131y\u0131 kaps\u0131yor. Bunlardan ilki, dan\u0131\u015fma organ\u0131 niteli\u011findeki&nbsp;\u00c7in Halk Siyasi Dan\u0131\u015fma Konferans\u0131\u2019n\u0131n (CPPCC) oturumu. Toplant\u0131ya 2 binden fazla \u00fcye kat\u0131l\u0131yor ve burada yap\u0131lan tart\u0131\u015fmalar \u00fclkenin temel politika ba\u015fl\u0131klar\u0131na y\u00f6n veriyor. Ancak bu organ\u0131n yasama yetkisi bulunmuyor.<\/p>\n\n\n\n<p>Yasa yapma, anayasa de\u011fi\u015fikli\u011fi ve devlet b\u00fct\u00e7esini onaylama gibi geni\u015f yetkilere sahip olan di\u011fer yap\u0131 ise Ulusal Halk Kongresi. Buna kar\u015f\u0131n, kongre \u00e7o\u011fu zaman&nbsp;\u00c7in Kom\u00fcnist Partisi&nbsp;taraf\u0131ndan al\u0131nan kararlar\u0131 onaylayan bir mekanizma olarak de\u011ferlendiriliyor.<\/p>\n\n\n\n<h3 class=\"wp-block-heading\">G\u00fcndemde yeni yasa tasar\u0131lar\u0131 var<\/h3>\n\n\n\n<p>Bu y\u0131lki toplant\u0131lar\u0131n g\u00fcndeminde, insan haklar\u0131 savunucular\u0131n\u0131n az\u0131nl\u0131k gruplar\u0131na y\u00f6nelik bask\u0131y\u0131 art\u0131rabilece\u011fi y\u00f6n\u00fcnde ele\u015ftirdi\u011fi bir \u201cetnik birlik\u201d yasa tasar\u0131s\u0131 da bulunuyor. Tasar\u0131, Han \u00c7inlileri ile etnik az\u0131nl\u0131klar aras\u0131ndaki evlilikleri te\u015fvik etmeyi \u00f6ng\u00f6r\u00fcrken, \u201cetnik birli\u011fe zarar verdi\u011fi d\u00fc\u015f\u00fcn\u00fclen\u201d faaliyetlerin yasaklanmas\u0131n\u0131 i\u00e7eriyor. Ayr\u0131ca ebeveynlerin \u00e7ocuklar\u0131n\u0131 \u00c7in Kom\u00fcnist Partisi\u2019ni sevmeye te\u015fvik etmeleri gerekti\u011fine ili\u015fkin ifadeler de taslak metinde yer al\u0131yor.<\/p>\n\n\n\n<p>Toplant\u0131larda ayr\u0131ca kirlilikle m\u00fccadele, \u00e7evresel koruma ve d\u00fc\u015f\u00fck karbonlu kalk\u0131nma hedeflerini kapsayan Ekolojik ve \u00c7evre Kanunu\u2019nun da onaylanmas\u0131 bekleniyor. \u00d6te yandan \u00c7in y\u00f6netimi, \u00f6n\u00fcm\u00fczdeki be\u015f y\u0131l i\u00e7inde \u201cdo\u011fum dostu bir toplum\u201d olu\u015fturmay\u0131 hedefledi\u011fini a\u00e7\u0131klad\u0131. Bu kapsamda istihdam, e\u011fitim, sa\u011fl\u0131k hizmetleri ve gelir g\u00fcvenli\u011fi gibi alanlarda vatanda\u015flar\u0131n kayg\u0131lar\u0131n\u0131 azaltacak politikalar\u0131n geli\u015ftirilmesi planlan\u0131yor. Ayr\u0131ca n\u00fcfus hizmetlerinin iyile\u015ftirilmesi ve ya\u015flanan n\u00fcfusa y\u00f6nelik daha proaktif ad\u0131mlar at\u0131lmas\u0131 da g\u00fcndemde.<\/p>\n\n\n\n<figure class=\"wp-block-embed is-type-wp-embed is-provider-objektif-haber wp-block-embed-objektif-haber\"><div class=\"wp-block-embed__wrapper\">\n<blockquote class=\"wp-embedded-content\" data-secret=\"s8ddeA4ViL\"><a href=\"https:\/\/objektif.site\/2026\/03\/05\/cinin-buyume-hedefi-1991den-bu-yana-en-dusuk-seviyeye-indi\/\">\u00c7in\u2019in B\u00fcy\u00fcme Hedefi 1991\u2019den Bu Yana En D\u00fc\u015f\u00fck Seviyeye \u0130ndi<\/a><\/blockquote><iframe loading=\"lazy\" class=\"wp-embedded-content\" sandbox=\"allow-scripts\" security=\"restricted\" style=\"position: absolute; visibility: hidden;\" title=\"&#8220;\u00c7in\u2019in B\u00fcy\u00fcme Hedefi 1991\u2019den Bu Yana En D\u00fc\u015f\u00fck Seviyeye \u0130ndi&#8221; &#8212; Objektif Haber\" src=\"https:\/\/objektif.site\/2026\/03\/05\/cinin-buyume-hedefi-1991den-bu-yana-en-dusuk-seviyeye-indi\/embed\/#?secret=b8HfewNqDD#?secret=s8ddeA4ViL\" data-secret=\"s8ddeA4ViL\" width=\"600\" height=\"338\" frameborder=\"0\" marginwidth=\"0\" marginheight=\"0\" scrolling=\"no\"><\/iframe>\n<\/div><\/figure>\n","protected":false},"excerpt":{"rendered":"<p>\u00c7in, y\u0131ll\u0131k ekonomik b\u00fcy\u00fcme hedefini&nbsp;y\u00fczde 4,5\u20135 aral\u0131\u011f\u0131na&nbsp;\u00e7ekti\u011fini a\u00e7\u0131klad\u0131. A\u00e7\u0131klanan oran, \u00fclkenin&nbsp;1991 y\u0131l\u0131ndan bu yana belirledi\u011fi en d\u00fc\u015f\u00fck b\u00fcy\u00fcme hedefi&nbsp;olarak kay\u0131tlara ge\u00e7ti. \u00c7in y\u00f6netimi, i\u00e7 ve d\u0131\u015f ekonomik zorluklar\u0131n etkisi alt\u0131nda b\u00fcy\u00fcme hedefini a\u015fa\u011f\u0131 y\u00f6nl\u00fc revize etti. Daha \u00f6nce 2023 y\u0131l\u0131nda hedef \u201cy\u00fczde 5 civar\u0131nda\u201d olarak belirlenmi\u015fti. 2020\u2019de ise COVID-19 salg\u0131n\u0131n\u0131n yaratt\u0131\u011f\u0131 belirsizlik nedeniyle resmi bir [&hellip;]<\/p>\n","protected":false},"author":4,"featured_media":1399,"comment_status":"open","ping_status":"open","sticky":false,"template":"","format":"standard","meta":{"_jetpack_memberships_contains_paid_content":false,"footnotes":""},"categories":[7],"tags":[],"class_list":["post-1398","post","type-post","status-publish","format-standard","has-post-thumbnail","hentry","category-turizm"],"jetpack_featured_media_url":"https:\/\/gundexia.com\/wp-content\/uploads\/2026\/03\/IMG_1114.png","jetpack_sharing_enabled":true,"_links":{"self":[{"href":"https:\/\/gundexia.com\/index.php?rest_route=\/wp\/v2\/posts\/1398","targetHints":{"allow":["GET"]}}],"collection":[{"href":"https:\/\/gundexia.com\/index.php?rest_route=\/wp\/v2\/posts"}],"about":[{"href":"https:\/\/gundexia.com\/index.php?rest_route=\/wp\/v2\/types\/post"}],"author":[{"embeddable":true,"href":"https:\/\/gundexia.com\/index.php?rest_route=\/wp\/v2\/users\/4"}],"replies":[{"embeddable":true,"href":"https:\/\/gundexia.com\/index.php?rest_route=%2Fwp%2Fv2%2Fcomments&post=1398"}],"version-history":[{"count":1,"href":"https:\/\/gundexia.com\/index.php?rest_route=\/wp\/v2\/posts\/1398\/revisions"}],"predecessor-version":[{"id":1400,"href":"https:\/\/gundexia.com\/index.php?rest_route=\/wp\/v2\/posts\/1398\/revisions\/1400"}],"wp:featuredmedia":[{"embeddable":true,"href":"https:\/\/gundexia.com\/index.php?rest_route=\/wp\/v2\/media\/1399"}],"wp:attachment":[{"href":"https:\/\/gundexia.com\/index.php?rest_route=%2Fwp%2Fv2%2Fmedia&parent=1398"}],"wp:term":[{"taxonomy":"category","embeddable":true,"href":"https:\/\/gundexia.com\/index.php?rest_route=%2Fwp%2Fv2%2Fcategories&post=1398"},{"taxonomy":"post_tag","embeddable":true,"href":"https:\/\/gundexia.com\/index.php?rest_route=%2Fwp%2Fv2%2Ftags&post=1398"}],"curies":[{"name":"wp","href":"https:\/\/api.w.org\/{rel}","templated":true}]}}