{"id":1127,"date":"2026-03-03T14:26:25","date_gmt":"2026-03-03T14:26:25","guid":{"rendered":"https:\/\/gundexia.com\/?p=1127"},"modified":"2026-03-03T14:26:25","modified_gmt":"2026-03-03T14:26:25","slug":"bursada-25-bolgede-ucretsiz-hizmet-basliyor","status":"publish","type":"post","link":"https:\/\/gundexia.com\/?p=1127","title":{"rendered":"Bursa\u2019da 25 B\u00f6lgede \u00dccretsiz Hizmet Ba\u015fl\u0131yor"},"content":{"rendered":"\n<p>Bursa\u2019da yerel y\u00f6neticiler taraf\u0131ndan hayata ge\u00e7irilen yeni bir hizmet, vatanda\u015flar\u0131n kullan\u0131m\u0131na tamamen \u00fccretsiz olarak sunulaca\u011f\u0131 duyuruldu. Hizmete al\u0131nacak uygulama veya tesis 25 farkl\u0131 b\u00f6lgede devreye girecek ve herkesin faydalanabilece\u011fi \u015fekilde planland\u0131.<br>Proje tan\u0131t\u0131m\u0131nda yerel yetkililer, bu \u00fccretsiz hizmetin toplumsal fayday\u0131 art\u0131rmak, Bursa\u2019daki ya\u015fam kalitesini y\u00fckseltmek ve kaynaklara daha adil eri\u015fim sa\u011flamak amac\u0131yla geli\u015ftirildi\u011fini belirtti. Hizmetin kapsam\u0131 ve hangi alanlarda kullan\u0131laca\u011f\u0131na ili\u015fkin detaylar, yap\u0131lan a\u00e7\u0131klama ile kamuoyuna duyuruldu.<br>Uygulama 25 farkl\u0131 b\u00f6lgede faaliyete girecek olmas\u0131, hizmetin geni\u015f bir co\u011frafi kapsama sahip olaca\u011f\u0131n\u0131 g\u00f6steriyor. Yetkililer, hizmetin her ya\u015f grubuna ve farkl\u0131 ihtiya\u00e7lara hitap edecek \u015fekilde \u015fekillendirildi\u011fini s\u00f6yledi. Bursa\u2019daki vatanda\u015flar ve yerel sivil toplum kurulu\u015flar\u0131, \u00fccretsiz olarak sunulacak bu hizmetin \u00f6zellikle dar gelirli aileler ve gen\u00e7ler i\u00e7in \u00f6nemli bir sosyal destek olaca\u011f\u0131n\u0131 vurgulad\u0131.<br>Hizmetin ne zaman ba\u015flayaca\u011f\u0131 ve ba\u015fvuru \u015fartlar\u0131n\u0131n nas\u0131l olaca\u011f\u0131na dair ayr\u0131nt\u0131lar\u0131n ilerleyen g\u00fcnlerde resm\u00ee duyurularla ilan edilece\u011fi bildirildi. Yerel y\u00f6neticiler, hizmetin s\u00fcrd\u00fcr\u00fclebilirli\u011fi ve uzun vadede kal\u0131c\u0131 sosyal etki yaratmas\u0131 i\u00e7in gerekli altyap\u0131 \u00e7al\u0131\u015fmalar\u0131n\u0131n s\u00fcrd\u00fc\u011f\u00fcn\u00fc de aktard\u0131.<\/p>\n\n\n\n<p>Haber Kayna\u011f\u0131: <a href=\"https:\/\/www.xn--newsnt-s9a.com\/2026\/03\/01\/bursada-yeni-ucretsiz-hizmet-resmen-basliyor\/\">https:\/\/www.xn--newsnt-s9a.com\/2026\/03\/01\/bursada-yeni-ucretsiz-hizmet-resmen-basliyor\/<\/a><br>(karde\u015f haber)<\/p>\n","protected":false},"excerpt":{"rendered":"<p>Bursa\u2019da yerel y\u00f6neticiler taraf\u0131ndan hayata ge\u00e7irilen yeni bir hizmet, vatanda\u015flar\u0131n kullan\u0131m\u0131na tamamen \u00fccretsiz olarak sunulaca\u011f\u0131 duyuruldu. Hizmete al\u0131nacak uygulama veya tesis 25 farkl\u0131 b\u00f6lgede devreye girecek ve herkesin faydalanabilece\u011fi \u015fekilde planland\u0131.Proje tan\u0131t\u0131m\u0131nda yerel yetkililer, bu \u00fccretsiz hizmetin toplumsal fayday\u0131 art\u0131rmak, Bursa\u2019daki ya\u015fam kalitesini y\u00fckseltmek ve kaynaklara daha adil eri\u015fim sa\u011flamak amac\u0131yla geli\u015ftirildi\u011fini belirtti. Hizmetin kapsam\u0131 [&hellip;]<\/p>\n","protected":false},"author":2,"featured_media":1128,"comment_status":"open","ping_status":"open","sticky":false,"template":"","format":"standard","meta":{"_jetpack_memberships_contains_paid_content":false,"footnotes":""},"categories":[10],"tags":[],"class_list":["post-1127","post","type-post","status-publish","format-standard","has-post-thumbnail","hentry","category-egitim"],"jetpack_featured_media_url":"https:\/\/gundexia.com\/wp-content\/uploads\/2026\/03\/69a300179e08a5696bc742ff.webp","jetpack_sharing_enabled":true,"_links":{"self":[{"href":"https:\/\/gundexia.com\/index.php?rest_route=\/wp\/v2\/posts\/1127","targetHints":{"allow":["GET"]}}],"collection":[{"href":"https:\/\/gundexia.com\/index.php?rest_route=\/wp\/v2\/posts"}],"about":[{"href":"https:\/\/gundexia.com\/index.php?rest_route=\/wp\/v2\/types\/post"}],"author":[{"embeddable":true,"href":"https:\/\/gundexia.com\/index.php?rest_route=\/wp\/v2\/users\/2"}],"replies":[{"embeddable":true,"href":"https:\/\/gundexia.com\/index.php?rest_route=%2Fwp%2Fv2%2Fcomments&post=1127"}],"version-history":[{"count":1,"href":"https:\/\/gundexia.com\/index.php?rest_route=\/wp\/v2\/posts\/1127\/revisions"}],"predecessor-version":[{"id":1129,"href":"https:\/\/gundexia.com\/index.php?rest_route=\/wp\/v2\/posts\/1127\/revisions\/1129"}],"wp:featuredmedia":[{"embeddable":true,"href":"https:\/\/gundexia.com\/index.php?rest_route=\/wp\/v2\/media\/1128"}],"wp:attachment":[{"href":"https:\/\/gundexia.com\/index.php?rest_route=%2Fwp%2Fv2%2Fmedia&parent=1127"}],"wp:term":[{"taxonomy":"category","embeddable":true,"href":"https:\/\/gundexia.com\/index.php?rest_route=%2Fwp%2Fv2%2Fcategories&post=1127"},{"taxonomy":"post_tag","embeddable":true,"href":"https:\/\/gundexia.com\/index.php?rest_route=%2Fwp%2Fv2%2Ftags&post=1127"}],"curies":[{"name":"wp","href":"https:\/\/api.w.org\/{rel}","templated":true}]}}