{"id":1120,"date":"2026-03-03T14:15:36","date_gmt":"2026-03-03T14:15:36","guid":{"rendered":"https:\/\/gundexia.com\/?p=1120"},"modified":"2026-03-03T14:15:36","modified_gmt":"2026-03-03T14:15:36","slug":"bakan-tekin-egitim-gundemini-degerlendirdi-akran-zorbaligi-sosyal-medya-ve-okula-baslama-yasi","status":"publish","type":"post","link":"https:\/\/gundexia.com\/?p=1120","title":{"rendered":"Bakan Tekin E\u011fitim G\u00fcndemini De\u011ferlendirdi: Akran Zorbal\u0131\u011f\u0131, Sosyal Medya ve Okula Ba\u015flama Ya\u015f\u0131"},"content":{"rendered":"\n<p>Bakan Tekin, CNN T\u00fcrk&#8217;te yay\u0131mlanan &#8220;Hakan \u00c7elik ile Hafta Sonu&#8221; program\u0131nda e\u011fitim g\u00fcndemine ili\u015fkin sorular\u0131 yan\u0131tlad\u0131. \u0130\u015fte Yusuf Tekin&#8217;den Akran zorbal\u0131\u011f\u0131, \u00e7ocuklara sosyal medya s\u0131n\u0131rlamas\u0131, okula ba\u015flama ya\u015f\u0131 a\u00e7\u0131klamalar\u0131.<\/p>\n\n\n\n<p>Akran zorbal\u0131\u011f\u0131n\u0131n \u00f6nlenmesi konusunda y\u00fcr\u00fct\u00fclen faaliyetlere ili\u015fkin soru \u00fczerine Bakan Tekin, \u00d6zel E\u011fitim ve Rehberlik Hizmetleri Genel M\u00fcd\u00fcrl\u00fc\u011f\u00fcn\u00fcn bu konuda \u00e7ok yo\u011fun bir \u015fekilde \u00e7al\u0131\u015ft\u0131\u011f\u0131n\u0131 s\u00f6yledi. Bunun ad\u0131n\u0131 &#8220;akran nezaketi&#8221; ifadesiyle kulland\u0131klar\u0131na dikkat \u00e7eken Bakan Tekin. &#8220;Bu konuda yapt\u0131\u011f\u0131m\u0131z ara\u015ft\u0131rmalar, akran aras\u0131ndaki en b\u00fcy\u00fck akran zorbal\u0131\u011f\u0131 olarak tan\u0131mlanan \u015feyin sosyal medya \u00fczerinden ve elektronik ortamda, y\u00fczde 90&#8217;a yak\u0131n\u0131 oradaki uygulamalar\u0131 zorbal\u0131k olarak kabul ediyor. Dolay\u0131s\u0131yla biz bir taraftan sosyal medya okuryazarl\u0131\u011f\u0131n\u0131, bir taraftan da bu psikolojik rehberlik faaliyetlerini y\u00fcr\u00fct\u00fcyoruz.&#8221; diye konu\u015ftu.<\/p>\n\n\n\n<p>&#8220;18 ya\u015f\u0131n alt\u0131ndaki \u00e7ocuklar\u0131n internete eri\u015fiminin s\u0131n\u0131rland\u0131r\u0131lmas\u0131yla ilgili baz\u0131 ad\u0131mlar var d\u00fcnyada da T\u00fcrkiye&#8217;de de. Siz de o kanaatte misiniz?&#8221; sorusu \u00fczerine Tekin, bu konuyu g\u00fcndeme ilk olarak kendilerinin getirdi\u011fini vurgulad\u0131. Okullar i\u00e7in cep telefonunu k\u0131s\u0131tlad\u0131klar\u0131nda bunu g\u00fcndeme getirdiklerini hat\u0131rlatan Tekin, &#8220;Onu \u015fu anda Aile Bakanl\u0131\u011f\u0131m\u0131z ve Ula\u015ft\u0131rma ve Altyap\u0131 Bakanl\u0131\u011f\u0131m\u0131z birlikte y\u00fcr\u00fct\u00fcyorlar, yak\u0131n bir zamanda onunla ilgili bir d\u00fczenleme gelecek. Ben \u00e7ocuklar\u0131m\u0131z\u0131n zorunlu e\u011fitim \u00e7a\u011f\u0131n\u0131 bitirinceye kadar bu yasakla kar\u015f\u0131 kar\u015f\u0131ya bulunmas\u0131n\u0131 istiyorum. Ya\u015f koymayal\u0131m, yani 12 y\u0131ll\u0131k zorunlu e\u011fitimi bitirinceye kadar diyelim taraf\u0131nday\u0131m ama ilgili Bakanl\u0131klar bir ya\u015f \u00fczerinde \u00e7al\u0131\u015f\u0131yorlar.&#8221; de\u011ferlendirmesinde bulundu.<\/p>\n\n\n\n<p>&#8220;Okula ba\u015flama ya\u015f\u0131yla ilgili bir de\u011fi\u015fiklik \u00e7al\u0131\u015fmas\u0131 var m\u0131?&#8221; sorusu \u00fczerine Tekin, okula ba\u015flama ve okulda bulunma ya\u015f\u0131yla ilgili konuyu tart\u0131\u015fmaya a\u00e7t\u0131klar\u0131nda bunun biraz farkl\u0131 bir yere evrildi\u011fini belirtti. Tekin, &#8220;Biz \u015funu s\u00f6yl\u00fcyoruz: Okul \u00f6ncesi e\u011fitimi yayg\u0131nla\u015ft\u0131rarak \u00e7ocuklar\u0131n okula ba\u015flama ya\u015f\u0131n\u0131 biraz da erkene al\u0131p daha standart hale getirelim. \u015e\u00f6yle d\u00fc\u015f\u00fcn\u00fcn: \u015eu anda 66 ayl\u0131k bir \u00e7ocukla 84 ayl\u0131k bir \u00e7ocuk ayn\u0131 s\u0131n\u0131fta okula ba\u015flayabiliyor, burada bir d\u00fczenleme yapal\u0131m istiyorduk, \u00e7al\u0131\u015f\u0131yor arkada\u015flar.&#8221; \u015feklinde konu\u015ftu.<\/p>\n\n\n\n<p>Haber Kayna\u011f\u0131: <a href=\"https:\/\/www.guncelegitim.com\/haber\/tekinden-akran-zorbaligi-sosyal-medya-sinirlamasi-okula-baslama-yasi-aciklamalari-28533.html\">https:\/\/www.guncelegitim.com\/haber\/tekinden-akran-zorbaligi-sosyal-medya-sinirlamasi-okula-baslama-yasi-aciklamalari-28533.html<\/a><\/p>\n\n\n\n<p><\/p>\n","protected":false},"excerpt":{"rendered":"<p>Bakan Tekin, CNN T\u00fcrk&#8217;te yay\u0131mlanan &#8220;Hakan \u00c7elik ile Hafta Sonu&#8221; program\u0131nda e\u011fitim g\u00fcndemine ili\u015fkin sorular\u0131 yan\u0131tlad\u0131. \u0130\u015fte Yusuf Tekin&#8217;den Akran zorbal\u0131\u011f\u0131, \u00e7ocuklara sosyal medya s\u0131n\u0131rlamas\u0131, okula ba\u015flama ya\u015f\u0131 a\u00e7\u0131klamalar\u0131. Akran zorbal\u0131\u011f\u0131n\u0131n \u00f6nlenmesi konusunda y\u00fcr\u00fct\u00fclen faaliyetlere ili\u015fkin soru \u00fczerine Bakan Tekin, \u00d6zel E\u011fitim ve Rehberlik Hizmetleri Genel M\u00fcd\u00fcrl\u00fc\u011f\u00fcn\u00fcn bu konuda \u00e7ok yo\u011fun bir \u015fekilde \u00e7al\u0131\u015ft\u0131\u011f\u0131n\u0131 s\u00f6yledi. [&hellip;]<\/p>\n","protected":false},"author":2,"featured_media":1121,"comment_status":"open","ping_status":"open","sticky":false,"template":"","format":"standard","meta":{"_jetpack_memberships_contains_paid_content":false,"footnotes":""},"categories":[10],"tags":[],"class_list":["post-1120","post","type-post","status-publish","format-standard","has-post-thumbnail","hentry","category-egitim"],"jetpack_featured_media_url":"https:\/\/gundexia.com\/wp-content\/uploads\/2026\/03\/images.jpg","jetpack_sharing_enabled":true,"_links":{"self":[{"href":"https:\/\/gundexia.com\/index.php?rest_route=\/wp\/v2\/posts\/1120","targetHints":{"allow":["GET"]}}],"collection":[{"href":"https:\/\/gundexia.com\/index.php?rest_route=\/wp\/v2\/posts"}],"about":[{"href":"https:\/\/gundexia.com\/index.php?rest_route=\/wp\/v2\/types\/post"}],"author":[{"embeddable":true,"href":"https:\/\/gundexia.com\/index.php?rest_route=\/wp\/v2\/users\/2"}],"replies":[{"embeddable":true,"href":"https:\/\/gundexia.com\/index.php?rest_route=%2Fwp%2Fv2%2Fcomments&post=1120"}],"version-history":[{"count":1,"href":"https:\/\/gundexia.com\/index.php?rest_route=\/wp\/v2\/posts\/1120\/revisions"}],"predecessor-version":[{"id":1122,"href":"https:\/\/gundexia.com\/index.php?rest_route=\/wp\/v2\/posts\/1120\/revisions\/1122"}],"wp:featuredmedia":[{"embeddable":true,"href":"https:\/\/gundexia.com\/index.php?rest_route=\/wp\/v2\/media\/1121"}],"wp:attachment":[{"href":"https:\/\/gundexia.com\/index.php?rest_route=%2Fwp%2Fv2%2Fmedia&parent=1120"}],"wp:term":[{"taxonomy":"category","embeddable":true,"href":"https:\/\/gundexia.com\/index.php?rest_route=%2Fwp%2Fv2%2Fcategories&post=1120"},{"taxonomy":"post_tag","embeddable":true,"href":"https:\/\/gundexia.com\/index.php?rest_route=%2Fwp%2Fv2%2Ftags&post=1120"}],"curies":[{"name":"wp","href":"https:\/\/api.w.org\/{rel}","templated":true}]}}