{"id":1117,"date":"2026-03-03T14:11:04","date_gmt":"2026-03-03T14:11:04","guid":{"rendered":"https:\/\/gundexia.com\/?p=1117"},"modified":"2026-03-03T14:11:04","modified_gmt":"2026-03-03T14:11:04","slug":"yokten-lisans-suresinin-3-yila-dusurulmesi-iddialarina-aciklama","status":"publish","type":"post","link":"https:\/\/gundexia.com\/?p=1117","title":{"rendered":"Y\u00d6K\u2019ten Lisans S\u00fcresinin 3 Y\u0131la D\u00fc\u015f\u00fcr\u00fclmesi \u0130ddialar\u0131na A\u00e7\u0131klama"},"content":{"rendered":"\n<p>Y\u00d6K, lisans e\u011fitim s\u00fcresinin 3 y\u0131la d\u00fc\u015f\u00fcr\u00fclmesine ili\u015fkin iddialar hakk\u0131nda a\u00e7\u0131klama yapt\u0131. \u00c7al\u0131\u015fmalar\u0131n s\u00fcrd\u00fc\u011f\u00fc ve s\u00fcre\u00e7 olgunla\u015ft\u0131\u011f\u0131nda kamuoyunun bilgilendirilece\u011fi bildirildi.<br>Y\u00fcksek\u00f6\u011fretim Kurulu (Y\u00d6K) taraf\u0131ndan daha \u00f6nce g\u00fcndeme getirilen lisans e\u011fitim s\u00fcresinin k\u0131salt\u0131lmas\u0131na y\u00f6nelik de\u011ferlendirmeler, T\u00fcrkiye B\u00fcy\u00fck Millet Meclisi\u2019nde soru \u00f6nergesiyle yeniden tart\u0131\u015fmaya a\u00e7\u0131ld\u0131.<br>Necmettin \u00c7al\u0131\u015fkan, Milli E\u011fitim Bakan\u0131 Yusuf Tekin\u2019in yan\u0131tlamas\u0131 istemiyle verdi\u011fi \u00f6nergede, lisans s\u00fcresinin \u00fc\u00e7 y\u0131la d\u00fc\u015f\u00fcr\u00fclmesine ili\u015fkin planlar\u0131n hangi akademik gerek\u00e7elere dayand\u0131\u011f\u0131n\u0131 sordu. \u00d6nergede ayr\u0131ca bu y\u00f6nde haz\u0131rlanm\u0131\u015f bir etki analiz raporunun bulunup bulunmad\u0131\u011f\u0131 ve s\u00fcrece hangi payda\u015flar\u0131n dahil edildi\u011fi konular\u0131nda bilgi talep edildi.<\/p>\n\n\n\n<p>Y\u00d6K taraf\u0131ndan verilen yan\u0131tta, y\u00fcksek\u00f6\u011fretim alan\u0131ndaki \u00e7al\u0131\u015fmalar\u0131n kat\u0131l\u0131mc\u0131 bir yakla\u015f\u0131mla y\u00fcr\u00fct\u00fcld\u00fc\u011f\u00fc belirtildi. S\u00fcre\u00e7te \u00fcniversitelerin e\u015fit temsil edildi\u011fi \u00dcniversiteleraras\u0131 Kurul ba\u015fta olmak \u00fczere \u00e7e\u015fitli konseyler, kamu kurumlar\u0131, meslek \u00f6rg\u00fctleri ve sivil toplum kurulu\u015flar\u0131n\u0131n g\u00f6r\u00fc\u015flerinin al\u0131nd\u0131\u011f\u0131 ifade edildi.<br>A\u00e7\u0131klamada, \u00e7al\u0131\u015fmalar\u0131n devam etti\u011fi ve belirli bir a\u015famaya gelindi\u011finde kamuoyunun bilgilendirilece\u011fi kaydedildi. Lisans s\u00fcresinin \u00fc\u00e7 y\u0131la indirilmesine y\u00f6nelik kesinle\u015fmi\u015f bir karar oldu\u011funa dair ise herhangi bir ifade yer almad\u0131.<\/p>\n\n\n\n<p>Haber Kayna\u011f\u0131: <a href=\"https:\/\/www.turkiyeegitim.com\/universitelerin-egitim-suresi-3-yila-mi-dusecek-yokten-aciklama-140406h.htm\">https:\/\/www.turkiyeegitim.com\/universitelerin-egitim-suresi-3-yila-mi-dusecek-yokten-aciklama-140406h.htm<\/a><\/p>\n\n\n\n<p><\/p>\n","protected":false},"excerpt":{"rendered":"<p>Y\u00d6K, lisans e\u011fitim s\u00fcresinin 3 y\u0131la d\u00fc\u015f\u00fcr\u00fclmesine ili\u015fkin iddialar hakk\u0131nda a\u00e7\u0131klama yapt\u0131. \u00c7al\u0131\u015fmalar\u0131n s\u00fcrd\u00fc\u011f\u00fc ve s\u00fcre\u00e7 olgunla\u015ft\u0131\u011f\u0131nda kamuoyunun bilgilendirilece\u011fi bildirildi.Y\u00fcksek\u00f6\u011fretim Kurulu (Y\u00d6K) taraf\u0131ndan daha \u00f6nce g\u00fcndeme getirilen lisans e\u011fitim s\u00fcresinin k\u0131salt\u0131lmas\u0131na y\u00f6nelik de\u011ferlendirmeler, T\u00fcrkiye B\u00fcy\u00fck Millet Meclisi\u2019nde soru \u00f6nergesiyle yeniden tart\u0131\u015fmaya a\u00e7\u0131ld\u0131.Necmettin \u00c7al\u0131\u015fkan, Milli E\u011fitim Bakan\u0131 Yusuf Tekin\u2019in yan\u0131tlamas\u0131 istemiyle verdi\u011fi \u00f6nergede, lisans s\u00fcresinin \u00fc\u00e7 [&hellip;]<\/p>\n","protected":false},"author":2,"featured_media":1118,"comment_status":"open","ping_status":"open","sticky":false,"template":"","format":"standard","meta":{"_jetpack_memberships_contains_paid_content":false,"footnotes":""},"categories":[10],"tags":[],"class_list":["post-1117","post","type-post","status-publish","format-standard","has-post-thumbnail","hentry","category-egitim"],"jetpack_featured_media_url":"https:\/\/gundexia.com\/wp-content\/uploads\/2026\/03\/indir-3.jpg","jetpack_sharing_enabled":true,"_links":{"self":[{"href":"https:\/\/gundexia.com\/index.php?rest_route=\/wp\/v2\/posts\/1117","targetHints":{"allow":["GET"]}}],"collection":[{"href":"https:\/\/gundexia.com\/index.php?rest_route=\/wp\/v2\/posts"}],"about":[{"href":"https:\/\/gundexia.com\/index.php?rest_route=\/wp\/v2\/types\/post"}],"author":[{"embeddable":true,"href":"https:\/\/gundexia.com\/index.php?rest_route=\/wp\/v2\/users\/2"}],"replies":[{"embeddable":true,"href":"https:\/\/gundexia.com\/index.php?rest_route=%2Fwp%2Fv2%2Fcomments&post=1117"}],"version-history":[{"count":1,"href":"https:\/\/gundexia.com\/index.php?rest_route=\/wp\/v2\/posts\/1117\/revisions"}],"predecessor-version":[{"id":1119,"href":"https:\/\/gundexia.com\/index.php?rest_route=\/wp\/v2\/posts\/1117\/revisions\/1119"}],"wp:featuredmedia":[{"embeddable":true,"href":"https:\/\/gundexia.com\/index.php?rest_route=\/wp\/v2\/media\/1118"}],"wp:attachment":[{"href":"https:\/\/gundexia.com\/index.php?rest_route=%2Fwp%2Fv2%2Fmedia&parent=1117"}],"wp:term":[{"taxonomy":"category","embeddable":true,"href":"https:\/\/gundexia.com\/index.php?rest_route=%2Fwp%2Fv2%2Fcategories&post=1117"},{"taxonomy":"post_tag","embeddable":true,"href":"https:\/\/gundexia.com\/index.php?rest_route=%2Fwp%2Fv2%2Ftags&post=1117"}],"curies":[{"name":"wp","href":"https:\/\/api.w.org\/{rel}","templated":true}]}}